{"id":5387,"date":"2025-11-07T10:48:35","date_gmt":"2025-11-07T09:48:35","guid":{"rendered":"https:\/\/www.ih.com.pl\/bielsko-biala\/?p=5387"},"modified":"2025-11-07T10:48:35","modified_gmt":"2025-11-07T09:48:35","slug":"10-i-11-listopada-wolne-od-zajec","status":"publish","type":"post","link":"https:\/\/www.ih.com.pl\/bielsko-biala\/10-i-11-listopada-wolne-od-zajec\/","title":{"rendered":"10 i 11 listopada wolne od zaj\u0119\u0107"},"content":{"rendered":"<div class=\"wpb-content-wrapper\"><p>[vc_row][vc_column width=&#8221;1\/2&#8243;][vc_column_text]Drodzy S\u0142uchacze przypominamy, \u017ce zgodnie z kalendarzem szkolnym 10 i 11 listopada (poniedzia\u0142ek i wtorek) s\u0105 dniami wolnymi od zaj\u0119\u0107. \u017byczymy udanego wypoczynku![\/vc_column_text][\/vc_column][vc_column width=&#8221;1\/2&#8243;][vc_single_image media=&#8221;5388&#8243; media_width_percent=&#8221;100&#8243;][\/vc_column][\/vc_row]<\/p>\n<\/div>","protected":false},"excerpt":{"rendered":"<p>[vc_row][vc_column width=&#8221;1\/2&#8243;][vc_column_text]Drodzy S\u0142uchacze przypominamy, \u017ce zgodnie z kalendarzem szkolnym 10 i 11 listopada (poniedzia\u0142ek i wtorek) s\u0105 dniami wolnymi od [&hellip;]<\/p>\n","protected":false},"author":4,"featured_media":5388,"comment_status":"closed","ping_status":"closed","sticky":false,"template":"","format":"standard","meta":{"footnotes":""},"categories":[6],"tags":[],"class_list":["post-5387","post","type-post","status-publish","format-standard","has-post-thumbnail","hentry","category-news"],"yoast_head":"<!-- This site is optimized with the Yoast SEO plugin v26.8 - https:\/\/yoast.com\/product\/yoast-seo-wordpress\/ -->\n<title>10 i 11 listopada wolne od zaj\u0119\u0107 - IH Bielsko - Bia\u0142a<\/title>\n<meta name=\"robots\" content=\"index, follow, max-snippet:-1, max-image-preview:large, max-video-preview:-1\" \/>\n<link rel=\"canonical\" href=\"https:\/\/www.ih.com.pl\/bielsko-biala\/10-i-11-listopada-wolne-od-zajec\/\" \/>\n<meta property=\"og:locale\" content=\"pl_PL\" \/>\n<meta property=\"og:type\" content=\"article\" \/>\n<meta property=\"og:title\" content=\"10 i 11 listopada wolne od zaj\u0119\u0107 - IH Bielsko - Bia\u0142a\" \/>\n<meta property=\"og:description\" content=\"[vc_row][vc_column width=&#8221;1\/2&#8243;][vc_column_text]Drodzy S\u0142uchacze przypominamy, \u017ce zgodnie z kalendarzem szkolnym 10 i 11 listopada (poniedzia\u0142ek i wtorek) s\u0105 dniami wolnymi od [&hellip;]\" \/>\n<meta property=\"og:url\" content=\"https:\/\/www.ih.com.pl\/bielsko-biala\/10-i-11-listopada-wolne-od-zajec\/\" \/>\n<meta property=\"og:site_name\" content=\"IH Bielsko - Bia\u0142a\" \/>\n<meta property=\"article:published_time\" content=\"2025-11-07T09:48:35+00:00\" \/>\n<meta property=\"og:image\" content=\"https:\/\/www.ih.com.pl\/bielsko-biala\/wp-content\/uploads\/sites\/2\/2025\/11\/autumn-974882_1280.jpg\" \/>\n\t<meta property=\"og:image:width\" content=\"1280\" \/>\n\t<meta property=\"og:image:height\" content=\"960\" \/>\n\t<meta property=\"og:image:type\" content=\"image\/jpeg\" \/>\n<meta name=\"author\" content=\"kasia349857mikol35\" \/>\n<meta name=\"twitter:card\" content=\"summary_large_image\" \/>\n<meta name=\"twitter:label1\" content=\"Napisane przez\" \/>\n\t<meta name=\"twitter:data1\" content=\"kasia349857mikol35\" \/>\n<script type=\"application\/ld+json\" class=\"yoast-schema-graph\">{\"@context\":\"https:\/\/schema.org\",\"@graph\":[{\"@type\":\"Article\",\"@id\":\"https:\/\/www.ih.com.pl\/bielsko-biala\/10-i-11-listopada-wolne-od-zajec\/#article\",\"isPartOf\":{\"@id\":\"https:\/\/www.ih.com.pl\/bielsko-biala\/10-i-11-listopada-wolne-od-zajec\/\"},\"author\":{\"name\":\"kasia349857mikol35\",\"@id\":\"https:\/\/www.ih.com.pl\/bielsko-biala\/#\/schema\/person\/4df30efd949b63155fa7afb0fe089e51\"},\"headline\":\"10 i 11 listopada wolne od zaj\u0119\u0107\",\"datePublished\":\"2025-11-07T09:48:35+00:00\",\"mainEntityOfPage\":{\"@id\":\"https:\/\/www.ih.com.pl\/bielsko-biala\/10-i-11-listopada-wolne-od-zajec\/\"},\"wordCount\":55,\"image\":{\"@id\":\"https:\/\/www.ih.com.pl\/bielsko-biala\/10-i-11-listopada-wolne-od-zajec\/#primaryimage\"},\"thumbnailUrl\":\"https:\/\/www.ih.com.pl\/bielsko-biala\/wp-content\/uploads\/sites\/2\/2025\/11\/autumn-974882_1280.jpg\",\"articleSection\":[\"News\"],\"inLanguage\":\"pl-PL\"},{\"@type\":\"WebPage\",\"@id\":\"https:\/\/www.ih.com.pl\/bielsko-biala\/10-i-11-listopada-wolne-od-zajec\/\",\"url\":\"https:\/\/www.ih.com.pl\/bielsko-biala\/10-i-11-listopada-wolne-od-zajec\/\",\"name\":\"10 i 11 listopada wolne od zaj\u0119\u0107 - IH Bielsko - Bia\u0142a\",\"isPartOf\":{\"@id\":\"https:\/\/www.ih.com.pl\/bielsko-biala\/#website\"},\"primaryImageOfPage\":{\"@id\":\"https:\/\/www.ih.com.pl\/bielsko-biala\/10-i-11-listopada-wolne-od-zajec\/#primaryimage\"},\"image\":{\"@id\":\"https:\/\/www.ih.com.pl\/bielsko-biala\/10-i-11-listopada-wolne-od-zajec\/#primaryimage\"},\"thumbnailUrl\":\"https:\/\/www.ih.com.pl\/bielsko-biala\/wp-content\/uploads\/sites\/2\/2025\/11\/autumn-974882_1280.jpg\",\"datePublished\":\"2025-11-07T09:48:35+00:00\",\"author\":{\"@id\":\"https:\/\/www.ih.com.pl\/bielsko-biala\/#\/schema\/person\/4df30efd949b63155fa7afb0fe089e51\"},\"breadcrumb\":{\"@id\":\"https:\/\/www.ih.com.pl\/bielsko-biala\/10-i-11-listopada-wolne-od-zajec\/#breadcrumb\"},\"inLanguage\":\"pl-PL\",\"potentialAction\":[{\"@type\":\"ReadAction\",\"target\":[\"https:\/\/www.ih.com.pl\/bielsko-biala\/10-i-11-listopada-wolne-od-zajec\/\"]}]},{\"@type\":\"ImageObject\",\"inLanguage\":\"pl-PL\",\"@id\":\"https:\/\/www.ih.com.pl\/bielsko-biala\/10-i-11-listopada-wolne-od-zajec\/#primaryimage\",\"url\":\"https:\/\/www.ih.com.pl\/bielsko-biala\/wp-content\/uploads\/sites\/2\/2025\/11\/autumn-974882_1280.jpg\",\"contentUrl\":\"https:\/\/www.ih.com.pl\/bielsko-biala\/wp-content\/uploads\/sites\/2\/2025\/11\/autumn-974882_1280.jpg\",\"width\":1280,\"height\":960},{\"@type\":\"BreadcrumbList\",\"@id\":\"https:\/\/www.ih.com.pl\/bielsko-biala\/10-i-11-listopada-wolne-od-zajec\/#breadcrumb\",\"itemListElement\":[{\"@type\":\"ListItem\",\"position\":1,\"name\":\"Strona g\u0142\u00f3wna\",\"item\":\"https:\/\/www.ih.com.pl\/bielsko-biala\/\"},{\"@type\":\"ListItem\",\"position\":2,\"name\":\"10 i 11 listopada wolne od zaj\u0119\u0107\"}]},{\"@type\":\"WebSite\",\"@id\":\"https:\/\/www.ih.com.pl\/bielsko-biala\/#website\",\"url\":\"https:\/\/www.ih.com.pl\/bielsko-biala\/\",\"name\":\"IH Bielsko - Bia\u0142a\",\"description\":\"\",\"potentialAction\":[{\"@type\":\"SearchAction\",\"target\":{\"@type\":\"EntryPoint\",\"urlTemplate\":\"https:\/\/www.ih.com.pl\/bielsko-biala\/?s={search_term_string}\"},\"query-input\":{\"@type\":\"PropertyValueSpecification\",\"valueRequired\":true,\"valueName\":\"search_term_string\"}}],\"inLanguage\":\"pl-PL\"},{\"@type\":\"Person\",\"@id\":\"https:\/\/www.ih.com.pl\/bielsko-biala\/#\/schema\/person\/4df30efd949b63155fa7afb0fe089e51\",\"name\":\"kasia349857mikol35\",\"url\":\"https:\/\/www.ih.com.pl\/bielsko-biala\/author\/kasia349857mikol35\/\"}]}<\/script>\n<!-- \/ Yoast SEO plugin. -->","yoast_head_json":{"title":"10 i 11 listopada wolne od zaj\u0119\u0107 - IH Bielsko - Bia\u0142a","robots":{"index":"index","follow":"follow","max-snippet":"max-snippet:-1","max-image-preview":"max-image-preview:large","max-video-preview":"max-video-preview:-1"},"canonical":"https:\/\/www.ih.com.pl\/bielsko-biala\/10-i-11-listopada-wolne-od-zajec\/","og_locale":"pl_PL","og_type":"article","og_title":"10 i 11 listopada wolne od zaj\u0119\u0107 - IH Bielsko - Bia\u0142a","og_description":"[vc_row][vc_column width=&#8221;1\/2&#8243;][vc_column_text]Drodzy S\u0142uchacze przypominamy, \u017ce zgodnie z kalendarzem szkolnym 10 i 11 listopada (poniedzia\u0142ek i wtorek) s\u0105 dniami wolnymi od [&hellip;]","og_url":"https:\/\/www.ih.com.pl\/bielsko-biala\/10-i-11-listopada-wolne-od-zajec\/","og_site_name":"IH Bielsko - Bia\u0142a","article_published_time":"2025-11-07T09:48:35+00:00","og_image":[{"width":1280,"height":960,"url":"https:\/\/www.ih.com.pl\/bielsko-biala\/wp-content\/uploads\/sites\/2\/2025\/11\/autumn-974882_1280.jpg","type":"image\/jpeg"}],"author":"kasia349857mikol35","twitter_card":"summary_large_image","twitter_misc":{"Napisane przez":"kasia349857mikol35"},"schema":{"@context":"https:\/\/schema.org","@graph":[{"@type":"Article","@id":"https:\/\/www.ih.com.pl\/bielsko-biala\/10-i-11-listopada-wolne-od-zajec\/#article","isPartOf":{"@id":"https:\/\/www.ih.com.pl\/bielsko-biala\/10-i-11-listopada-wolne-od-zajec\/"},"author":{"name":"kasia349857mikol35","@id":"https:\/\/www.ih.com.pl\/bielsko-biala\/#\/schema\/person\/4df30efd949b63155fa7afb0fe089e51"},"headline":"10 i 11 listopada wolne od zaj\u0119\u0107","datePublished":"2025-11-07T09:48:35+00:00","mainEntityOfPage":{"@id":"https:\/\/www.ih.com.pl\/bielsko-biala\/10-i-11-listopada-wolne-od-zajec\/"},"wordCount":55,"image":{"@id":"https:\/\/www.ih.com.pl\/bielsko-biala\/10-i-11-listopada-wolne-od-zajec\/#primaryimage"},"thumbnailUrl":"https:\/\/www.ih.com.pl\/bielsko-biala\/wp-content\/uploads\/sites\/2\/2025\/11\/autumn-974882_1280.jpg","articleSection":["News"],"inLanguage":"pl-PL"},{"@type":"WebPage","@id":"https:\/\/www.ih.com.pl\/bielsko-biala\/10-i-11-listopada-wolne-od-zajec\/","url":"https:\/\/www.ih.com.pl\/bielsko-biala\/10-i-11-listopada-wolne-od-zajec\/","name":"10 i 11 listopada wolne od zaj\u0119\u0107 - IH Bielsko - Bia\u0142a","isPartOf":{"@id":"https:\/\/www.ih.com.pl\/bielsko-biala\/#website"},"primaryImageOfPage":{"@id":"https:\/\/www.ih.com.pl\/bielsko-biala\/10-i-11-listopada-wolne-od-zajec\/#primaryimage"},"image":{"@id":"https:\/\/www.ih.com.pl\/bielsko-biala\/10-i-11-listopada-wolne-od-zajec\/#primaryimage"},"thumbnailUrl":"https:\/\/www.ih.com.pl\/bielsko-biala\/wp-content\/uploads\/sites\/2\/2025\/11\/autumn-974882_1280.jpg","datePublished":"2025-11-07T09:48:35+00:00","author":{"@id":"https:\/\/www.ih.com.pl\/bielsko-biala\/#\/schema\/person\/4df30efd949b63155fa7afb0fe089e51"},"breadcrumb":{"@id":"https:\/\/www.ih.com.pl\/bielsko-biala\/10-i-11-listopada-wolne-od-zajec\/#breadcrumb"},"inLanguage":"pl-PL","potentialAction":[{"@type":"ReadAction","target":["https:\/\/www.ih.com.pl\/bielsko-biala\/10-i-11-listopada-wolne-od-zajec\/"]}]},{"@type":"ImageObject","inLanguage":"pl-PL","@id":"https:\/\/www.ih.com.pl\/bielsko-biala\/10-i-11-listopada-wolne-od-zajec\/#primaryimage","url":"https:\/\/www.ih.com.pl\/bielsko-biala\/wp-content\/uploads\/sites\/2\/2025\/11\/autumn-974882_1280.jpg","contentUrl":"https:\/\/www.ih.com.pl\/bielsko-biala\/wp-content\/uploads\/sites\/2\/2025\/11\/autumn-974882_1280.jpg","width":1280,"height":960},{"@type":"BreadcrumbList","@id":"https:\/\/www.ih.com.pl\/bielsko-biala\/10-i-11-listopada-wolne-od-zajec\/#breadcrumb","itemListElement":[{"@type":"ListItem","position":1,"name":"Strona g\u0142\u00f3wna","item":"https:\/\/www.ih.com.pl\/bielsko-biala\/"},{"@type":"ListItem","position":2,"name":"10 i 11 listopada wolne od zaj\u0119\u0107"}]},{"@type":"WebSite","@id":"https:\/\/www.ih.com.pl\/bielsko-biala\/#website","url":"https:\/\/www.ih.com.pl\/bielsko-biala\/","name":"IH Bielsko - Bia\u0142a","description":"","potentialAction":[{"@type":"SearchAction","target":{"@type":"EntryPoint","urlTemplate":"https:\/\/www.ih.com.pl\/bielsko-biala\/?s={search_term_string}"},"query-input":{"@type":"PropertyValueSpecification","valueRequired":true,"valueName":"search_term_string"}}],"inLanguage":"pl-PL"},{"@type":"Person","@id":"https:\/\/www.ih.com.pl\/bielsko-biala\/#\/schema\/person\/4df30efd949b63155fa7afb0fe089e51","name":"kasia349857mikol35","url":"https:\/\/www.ih.com.pl\/bielsko-biala\/author\/kasia349857mikol35\/"}]}},"_links":{"self":[{"href":"https:\/\/www.ih.com.pl\/bielsko-biala\/wp-json\/wp\/v2\/posts\/5387","targetHints":{"allow":["GET"]}}],"collection":[{"href":"https:\/\/www.ih.com.pl\/bielsko-biala\/wp-json\/wp\/v2\/posts"}],"about":[{"href":"https:\/\/www.ih.com.pl\/bielsko-biala\/wp-json\/wp\/v2\/types\/post"}],"author":[{"embeddable":true,"href":"https:\/\/www.ih.com.pl\/bielsko-biala\/wp-json\/wp\/v2\/users\/4"}],"replies":[{"embeddable":true,"href":"https:\/\/www.ih.com.pl\/bielsko-biala\/wp-json\/wp\/v2\/comments?post=5387"}],"version-history":[{"count":1,"href":"https:\/\/www.ih.com.pl\/bielsko-biala\/wp-json\/wp\/v2\/posts\/5387\/revisions"}],"predecessor-version":[{"id":5389,"href":"https:\/\/www.ih.com.pl\/bielsko-biala\/wp-json\/wp\/v2\/posts\/5387\/revisions\/5389"}],"wp:featuredmedia":[{"embeddable":true,"href":"https:\/\/www.ih.com.pl\/bielsko-biala\/wp-json\/wp\/v2\/media\/5388"}],"wp:attachment":[{"href":"https:\/\/www.ih.com.pl\/bielsko-biala\/wp-json\/wp\/v2\/media?parent=5387"}],"wp:term":[{"taxonomy":"category","embeddable":true,"href":"https:\/\/www.ih.com.pl\/bielsko-biala\/wp-json\/wp\/v2\/categories?post=5387"},{"taxonomy":"post_tag","embeddable":true,"href":"https:\/\/www.ih.com.pl\/bielsko-biala\/wp-json\/wp\/v2\/tags?post=5387"}],"curies":[{"name":"wp","href":"https:\/\/api.w.org\/{rel}","templated":true}]}}