{"id":122,"date":"2022-12-12T12:21:06","date_gmt":"2022-12-12T11:21:06","guid":{"rendered":"https:\/\/ih.wizjanet.pl\/wroclaw\/?p=122"},"modified":"2023-01-09T11:02:47","modified_gmt":"2023-01-09T10:02:47","slug":"przerwa-swiateczna-3","status":"publish","type":"post","link":"https:\/\/www.ih.com.pl\/wroclaw\/przerwa-swiateczna-3\/","title":{"rendered":"Przerwa \u015bwi\u0105teczna"},"content":{"rendered":"<p class=\"_04xlpA direction-ltr align-center para-style-title\"><span class=\"JsGRdQ\">Informujemy, \u017ce od \u015brody 21 grudnia do poniedzia\u0142ku 2 stycznia mamy przerw\u0119 \u015bwi\u0105teczn\u0105.<\/span><\/p>\n<p class=\"_04xlpA direction-ltr align-center para-style-title\"><span class=\"JsGRdQ\">Biuro szko\u0142y jest w tych dniach nieczynne.<\/span><\/p>\n<p class=\"_04xlpA direction-ltr align-center para-style-title\"><span class=\"JsGRdQ\">\u017byczymy weso\u0142ych \u015awi\u0105t!<\/span><\/p>\n","protected":false},"excerpt":{"rendered":"<p>Informujemy, \u017ce od \u015brody 21 grudnia do poniedzia\u0142ku 2 stycznia mamy przerw\u0119 \u015bwi\u0105teczn\u0105. Biuro szko\u0142y jest w tych dniach nieczynne. [&hellip;]<\/p>\n","protected":false},"author":3,"featured_media":2741,"comment_status":"open","ping_status":"open","sticky":false,"template":"","format":"standard","meta":{"footnotes":""},"categories":[1],"tags":[],"class_list":["post-122","post","type-post","status-publish","format-standard","has-post-thumbnail","hentry","category-bez-kategorii"],"yoast_head":"<!-- This site is optimized with the Yoast SEO plugin v26.8 - https:\/\/yoast.com\/product\/yoast-seo-wordpress\/ -->\n<title>Przerwa \u015bwi\u0105teczna - IH Wroc\u0142aw<\/title>\n<meta name=\"robots\" content=\"index, follow, max-snippet:-1, max-image-preview:large, max-video-preview:-1\" \/>\n<link rel=\"canonical\" href=\"https:\/\/www.ih.com.pl\/wroclaw\/przerwa-swiateczna-3\/\" \/>\n<meta property=\"og:locale\" content=\"pl_PL\" \/>\n<meta property=\"og:type\" content=\"article\" \/>\n<meta property=\"og:title\" content=\"Przerwa \u015bwi\u0105teczna - IH Wroc\u0142aw\" \/>\n<meta property=\"og:description\" content=\"Informujemy, \u017ce od \u015brody 21 grudnia do poniedzia\u0142ku 2 stycznia mamy przerw\u0119 \u015bwi\u0105teczn\u0105. Biuro szko\u0142y jest w tych dniach nieczynne. [&hellip;]\" \/>\n<meta property=\"og:url\" content=\"https:\/\/www.ih.com.pl\/wroclaw\/przerwa-swiateczna-3\/\" \/>\n<meta property=\"og:site_name\" content=\"IH Wroc\u0142aw\" \/>\n<meta property=\"article:published_time\" content=\"2022-12-12T11:21:06+00:00\" \/>\n<meta property=\"article:modified_time\" content=\"2023-01-09T10:02:47+00:00\" \/>\n<meta property=\"og:image\" content=\"https:\/\/www.ih.com.pl\/wroclaw\/wp-content\/uploads\/sites\/3\/2022\/12\/266466030_4447871218657273_1460921052317076537_n.jpg\" \/>\n\t<meta property=\"og:image:width\" content=\"532\" \/>\n\t<meta property=\"og:image:height\" content=\"534\" \/>\n\t<meta property=\"og:image:type\" content=\"image\/jpeg\" \/>\n<meta name=\"author\" content=\"Agnieszka Jarzyna\" \/>\n<meta name=\"twitter:card\" content=\"summary_large_image\" \/>\n<meta name=\"twitter:label1\" content=\"Napisane przez\" \/>\n\t<meta name=\"twitter:data1\" content=\"Agnieszka Jarzyna\" \/>\n<script type=\"application\/ld+json\" class=\"yoast-schema-graph\">{\"@context\":\"https:\/\/schema.org\",\"@graph\":[{\"@type\":\"Article\",\"@id\":\"https:\/\/www.ih.com.pl\/wroclaw\/przerwa-swiateczna-3\/#article\",\"isPartOf\":{\"@id\":\"https:\/\/www.ih.com.pl\/wroclaw\/przerwa-swiateczna-3\/\"},\"author\":{\"name\":\"Agnieszka Jarzyna\",\"@id\":\"https:\/\/www.ih.com.pl\/wroclaw\/#\/schema\/person\/9e106cb64c03442c416adbb9ffd1a8db\"},\"headline\":\"Przerwa \u015bwi\u0105teczna\",\"datePublished\":\"2022-12-12T11:21:06+00:00\",\"dateModified\":\"2023-01-09T10:02:47+00:00\",\"mainEntityOfPage\":{\"@id\":\"https:\/\/www.ih.com.pl\/wroclaw\/przerwa-swiateczna-3\/\"},\"wordCount\":29,\"commentCount\":0,\"image\":{\"@id\":\"https:\/\/www.ih.com.pl\/wroclaw\/przerwa-swiateczna-3\/#primaryimage\"},\"thumbnailUrl\":\"https:\/\/www.ih.com.pl\/wroclaw\/wp-content\/uploads\/sites\/3\/2022\/12\/266466030_4447871218657273_1460921052317076537_n.jpg\",\"inLanguage\":\"pl-PL\",\"potentialAction\":[{\"@type\":\"CommentAction\",\"name\":\"Comment\",\"target\":[\"https:\/\/www.ih.com.pl\/wroclaw\/przerwa-swiateczna-3\/#respond\"]}]},{\"@type\":\"WebPage\",\"@id\":\"https:\/\/www.ih.com.pl\/wroclaw\/przerwa-swiateczna-3\/\",\"url\":\"https:\/\/www.ih.com.pl\/wroclaw\/przerwa-swiateczna-3\/\",\"name\":\"Przerwa \u015bwi\u0105teczna - IH Wroc\u0142aw\",\"isPartOf\":{\"@id\":\"https:\/\/www.ih.com.pl\/wroclaw\/#website\"},\"primaryImageOfPage\":{\"@id\":\"https:\/\/www.ih.com.pl\/wroclaw\/przerwa-swiateczna-3\/#primaryimage\"},\"image\":{\"@id\":\"https:\/\/www.ih.com.pl\/wroclaw\/przerwa-swiateczna-3\/#primaryimage\"},\"thumbnailUrl\":\"https:\/\/www.ih.com.pl\/wroclaw\/wp-content\/uploads\/sites\/3\/2022\/12\/266466030_4447871218657273_1460921052317076537_n.jpg\",\"datePublished\":\"2022-12-12T11:21:06+00:00\",\"dateModified\":\"2023-01-09T10:02:47+00:00\",\"author\":{\"@id\":\"https:\/\/www.ih.com.pl\/wroclaw\/#\/schema\/person\/9e106cb64c03442c416adbb9ffd1a8db\"},\"breadcrumb\":{\"@id\":\"https:\/\/www.ih.com.pl\/wroclaw\/przerwa-swiateczna-3\/#breadcrumb\"},\"inLanguage\":\"pl-PL\",\"potentialAction\":[{\"@type\":\"ReadAction\",\"target\":[\"https:\/\/www.ih.com.pl\/wroclaw\/przerwa-swiateczna-3\/\"]}]},{\"@type\":\"ImageObject\",\"inLanguage\":\"pl-PL\",\"@id\":\"https:\/\/www.ih.com.pl\/wroclaw\/przerwa-swiateczna-3\/#primaryimage\",\"url\":\"https:\/\/www.ih.com.pl\/wroclaw\/wp-content\/uploads\/sites\/3\/2022\/12\/266466030_4447871218657273_1460921052317076537_n.jpg\",\"contentUrl\":\"https:\/\/www.ih.com.pl\/wroclaw\/wp-content\/uploads\/sites\/3\/2022\/12\/266466030_4447871218657273_1460921052317076537_n.jpg\",\"width\":532,\"height\":534},{\"@type\":\"BreadcrumbList\",\"@id\":\"https:\/\/www.ih.com.pl\/wroclaw\/przerwa-swiateczna-3\/#breadcrumb\",\"itemListElement\":[{\"@type\":\"ListItem\",\"position\":1,\"name\":\"Strona g\u0142\u00f3wna\",\"item\":\"https:\/\/www.ih.com.pl\/wroclaw\/\"},{\"@type\":\"ListItem\",\"position\":2,\"name\":\"Przerwa \u015bwi\u0105teczna\"}]},{\"@type\":\"WebSite\",\"@id\":\"https:\/\/www.ih.com.pl\/wroclaw\/#website\",\"url\":\"https:\/\/www.ih.com.pl\/wroclaw\/\",\"name\":\"IH Wroc\u0142aw\",\"description\":\"\",\"potentialAction\":[{\"@type\":\"SearchAction\",\"target\":{\"@type\":\"EntryPoint\",\"urlTemplate\":\"https:\/\/www.ih.com.pl\/wroclaw\/?s={search_term_string}\"},\"query-input\":{\"@type\":\"PropertyValueSpecification\",\"valueRequired\":true,\"valueName\":\"search_term_string\"}}],\"inLanguage\":\"pl-PL\"},{\"@type\":\"Person\",\"@id\":\"https:\/\/www.ih.com.pl\/wroclaw\/#\/schema\/person\/9e106cb64c03442c416adbb9ffd1a8db\",\"name\":\"Agnieszka Jarzyna\",\"image\":{\"@type\":\"ImageObject\",\"inLanguage\":\"pl-PL\",\"@id\":\"https:\/\/www.ih.com.pl\/wroclaw\/#\/schema\/person\/image\/\",\"url\":\"https:\/\/secure.gravatar.com\/avatar\/07e8274e2ff13a59014f67c2c87200459fb48e7ce8ab9b00dbf117f945f5e9b7?s=96&d=mm&r=g\",\"contentUrl\":\"https:\/\/secure.gravatar.com\/avatar\/07e8274e2ff13a59014f67c2c87200459fb48e7ce8ab9b00dbf117f945f5e9b7?s=96&d=mm&r=g\",\"caption\":\"Agnieszka Jarzyna\"},\"url\":\"https:\/\/www.ih.com.pl\/wroclaw\/author\/agnieszkajarzyna\/\"}]}<\/script>\n<!-- \/ Yoast SEO plugin. -->","yoast_head_json":{"title":"Przerwa \u015bwi\u0105teczna - IH Wroc\u0142aw","robots":{"index":"index","follow":"follow","max-snippet":"max-snippet:-1","max-image-preview":"max-image-preview:large","max-video-preview":"max-video-preview:-1"},"canonical":"https:\/\/www.ih.com.pl\/wroclaw\/przerwa-swiateczna-3\/","og_locale":"pl_PL","og_type":"article","og_title":"Przerwa \u015bwi\u0105teczna - IH Wroc\u0142aw","og_description":"Informujemy, \u017ce od \u015brody 21 grudnia do poniedzia\u0142ku 2 stycznia mamy przerw\u0119 \u015bwi\u0105teczn\u0105. Biuro szko\u0142y jest w tych dniach nieczynne. [&hellip;]","og_url":"https:\/\/www.ih.com.pl\/wroclaw\/przerwa-swiateczna-3\/","og_site_name":"IH Wroc\u0142aw","article_published_time":"2022-12-12T11:21:06+00:00","article_modified_time":"2023-01-09T10:02:47+00:00","og_image":[{"width":532,"height":534,"url":"https:\/\/www.ih.com.pl\/wroclaw\/wp-content\/uploads\/sites\/3\/2022\/12\/266466030_4447871218657273_1460921052317076537_n.jpg","type":"image\/jpeg"}],"author":"Agnieszka Jarzyna","twitter_card":"summary_large_image","twitter_misc":{"Napisane przez":"Agnieszka Jarzyna"},"schema":{"@context":"https:\/\/schema.org","@graph":[{"@type":"Article","@id":"https:\/\/www.ih.com.pl\/wroclaw\/przerwa-swiateczna-3\/#article","isPartOf":{"@id":"https:\/\/www.ih.com.pl\/wroclaw\/przerwa-swiateczna-3\/"},"author":{"name":"Agnieszka Jarzyna","@id":"https:\/\/www.ih.com.pl\/wroclaw\/#\/schema\/person\/9e106cb64c03442c416adbb9ffd1a8db"},"headline":"Przerwa \u015bwi\u0105teczna","datePublished":"2022-12-12T11:21:06+00:00","dateModified":"2023-01-09T10:02:47+00:00","mainEntityOfPage":{"@id":"https:\/\/www.ih.com.pl\/wroclaw\/przerwa-swiateczna-3\/"},"wordCount":29,"commentCount":0,"image":{"@id":"https:\/\/www.ih.com.pl\/wroclaw\/przerwa-swiateczna-3\/#primaryimage"},"thumbnailUrl":"https:\/\/www.ih.com.pl\/wroclaw\/wp-content\/uploads\/sites\/3\/2022\/12\/266466030_4447871218657273_1460921052317076537_n.jpg","inLanguage":"pl-PL","potentialAction":[{"@type":"CommentAction","name":"Comment","target":["https:\/\/www.ih.com.pl\/wroclaw\/przerwa-swiateczna-3\/#respond"]}]},{"@type":"WebPage","@id":"https:\/\/www.ih.com.pl\/wroclaw\/przerwa-swiateczna-3\/","url":"https:\/\/www.ih.com.pl\/wroclaw\/przerwa-swiateczna-3\/","name":"Przerwa \u015bwi\u0105teczna - IH Wroc\u0142aw","isPartOf":{"@id":"https:\/\/www.ih.com.pl\/wroclaw\/#website"},"primaryImageOfPage":{"@id":"https:\/\/www.ih.com.pl\/wroclaw\/przerwa-swiateczna-3\/#primaryimage"},"image":{"@id":"https:\/\/www.ih.com.pl\/wroclaw\/przerwa-swiateczna-3\/#primaryimage"},"thumbnailUrl":"https:\/\/www.ih.com.pl\/wroclaw\/wp-content\/uploads\/sites\/3\/2022\/12\/266466030_4447871218657273_1460921052317076537_n.jpg","datePublished":"2022-12-12T11:21:06+00:00","dateModified":"2023-01-09T10:02:47+00:00","author":{"@id":"https:\/\/www.ih.com.pl\/wroclaw\/#\/schema\/person\/9e106cb64c03442c416adbb9ffd1a8db"},"breadcrumb":{"@id":"https:\/\/www.ih.com.pl\/wroclaw\/przerwa-swiateczna-3\/#breadcrumb"},"inLanguage":"pl-PL","potentialAction":[{"@type":"ReadAction","target":["https:\/\/www.ih.com.pl\/wroclaw\/przerwa-swiateczna-3\/"]}]},{"@type":"ImageObject","inLanguage":"pl-PL","@id":"https:\/\/www.ih.com.pl\/wroclaw\/przerwa-swiateczna-3\/#primaryimage","url":"https:\/\/www.ih.com.pl\/wroclaw\/wp-content\/uploads\/sites\/3\/2022\/12\/266466030_4447871218657273_1460921052317076537_n.jpg","contentUrl":"https:\/\/www.ih.com.pl\/wroclaw\/wp-content\/uploads\/sites\/3\/2022\/12\/266466030_4447871218657273_1460921052317076537_n.jpg","width":532,"height":534},{"@type":"BreadcrumbList","@id":"https:\/\/www.ih.com.pl\/wroclaw\/przerwa-swiateczna-3\/#breadcrumb","itemListElement":[{"@type":"ListItem","position":1,"name":"Strona g\u0142\u00f3wna","item":"https:\/\/www.ih.com.pl\/wroclaw\/"},{"@type":"ListItem","position":2,"name":"Przerwa \u015bwi\u0105teczna"}]},{"@type":"WebSite","@id":"https:\/\/www.ih.com.pl\/wroclaw\/#website","url":"https:\/\/www.ih.com.pl\/wroclaw\/","name":"IH Wroc\u0142aw","description":"","potentialAction":[{"@type":"SearchAction","target":{"@type":"EntryPoint","urlTemplate":"https:\/\/www.ih.com.pl\/wroclaw\/?s={search_term_string}"},"query-input":{"@type":"PropertyValueSpecification","valueRequired":true,"valueName":"search_term_string"}}],"inLanguage":"pl-PL"},{"@type":"Person","@id":"https:\/\/www.ih.com.pl\/wroclaw\/#\/schema\/person\/9e106cb64c03442c416adbb9ffd1a8db","name":"Agnieszka Jarzyna","image":{"@type":"ImageObject","inLanguage":"pl-PL","@id":"https:\/\/www.ih.com.pl\/wroclaw\/#\/schema\/person\/image\/","url":"https:\/\/secure.gravatar.com\/avatar\/07e8274e2ff13a59014f67c2c87200459fb48e7ce8ab9b00dbf117f945f5e9b7?s=96&d=mm&r=g","contentUrl":"https:\/\/secure.gravatar.com\/avatar\/07e8274e2ff13a59014f67c2c87200459fb48e7ce8ab9b00dbf117f945f5e9b7?s=96&d=mm&r=g","caption":"Agnieszka Jarzyna"},"url":"https:\/\/www.ih.com.pl\/wroclaw\/author\/agnieszkajarzyna\/"}]}},"_links":{"self":[{"href":"https:\/\/www.ih.com.pl\/wroclaw\/wp-json\/wp\/v2\/posts\/122","targetHints":{"allow":["GET"]}}],"collection":[{"href":"https:\/\/www.ih.com.pl\/wroclaw\/wp-json\/wp\/v2\/posts"}],"about":[{"href":"https:\/\/www.ih.com.pl\/wroclaw\/wp-json\/wp\/v2\/types\/post"}],"author":[{"embeddable":true,"href":"https:\/\/www.ih.com.pl\/wroclaw\/wp-json\/wp\/v2\/users\/3"}],"replies":[{"embeddable":true,"href":"https:\/\/www.ih.com.pl\/wroclaw\/wp-json\/wp\/v2\/comments?post=122"}],"version-history":[{"count":2,"href":"https:\/\/www.ih.com.pl\/wroclaw\/wp-json\/wp\/v2\/posts\/122\/revisions"}],"predecessor-version":[{"id":2742,"href":"https:\/\/www.ih.com.pl\/wroclaw\/wp-json\/wp\/v2\/posts\/122\/revisions\/2742"}],"wp:featuredmedia":[{"embeddable":true,"href":"https:\/\/www.ih.com.pl\/wroclaw\/wp-json\/wp\/v2\/media\/2741"}],"wp:attachment":[{"href":"https:\/\/www.ih.com.pl\/wroclaw\/wp-json\/wp\/v2\/media?parent=122"}],"wp:term":[{"taxonomy":"category","embeddable":true,"href":"https:\/\/www.ih.com.pl\/wroclaw\/wp-json\/wp\/v2\/categories?post=122"},{"taxonomy":"post_tag","embeddable":true,"href":"https:\/\/www.ih.com.pl\/wroclaw\/wp-json\/wp\/v2\/tags?post=122"}],"curies":[{"name":"wp","href":"https:\/\/api.w.org\/{rel}","templated":true}]}}