{"id":1408,"date":"2020-08-20T14:35:47","date_gmt":"2020-08-20T12:35:47","guid":{"rendered":"https:\/\/www.ih.com.pl\/wroclaw\/?p=1408"},"modified":"2020-12-17T13:20:55","modified_gmt":"2020-12-17T12:20:55","slug":"zapisy-na-nowy-rok-szkolny","status":"publish","type":"post","link":"https:\/\/www.ih.com.pl\/wroclaw\/zapisy-na-nowy-rok-szkolny\/","title":{"rendered":"Zapisy na nowy rok szkolny"},"content":{"rendered":"<p>Rekrutacja do grup ju\u017c ruszy\u0142a!<\/p>\n<p>Zaj\u0119cia rozpoczynamy 5 pa\u017adziernika. Mo\u017cna wybra\u0107 albo kurs stacjonarny, albo nauk\u0119 on-line. Osoby kontynuuj\u0105ce zapisujemy na podstawie rekomendacji lektora. Je\u015bli dopiero zaczynasz nauk\u0119 w IH, sprawd\u017a sw\u00f3j poziom. Testy mo\u017cna rozwi\u0105za\u0107 w siedzibie szko\u0142y lub przez Internet.<\/p>\n<p>Wi\u0119cej informacji w zak\u0142adce <a href=\"https:\/\/www.ih.com.pl\/wroclaw\/zasady-rekrutacji\/\">ZAPISY<\/a> lub w biurze szko\u0142y.<\/p>\n<p>Zarezerwuj miejsce w grupie ju\u017c dzi\u015b!<\/p>\n","protected":false},"excerpt":{"rendered":"<p>Rekrutacja do grup ju\u017c ruszy\u0142a! Zaj\u0119cia rozpoczynamy 5 pa\u017adziernika. Mo\u017cna wybra\u0107 albo kurs stacjonarny, albo nauk\u0119 on-line. Osoby kontynuuj\u0105ce zapisujemy [&hellip;]<\/p>\n","protected":false},"author":3,"featured_media":1409,"comment_status":"closed","ping_status":"closed","sticky":false,"template":"","format":"standard","meta":{"footnotes":""},"categories":[1],"tags":[],"class_list":["post-1408","post","type-post","status-publish","format-standard","has-post-thumbnail","hentry","category-bez-kategorii"],"yoast_head":"<!-- This site is optimized with the Yoast SEO plugin v26.8 - https:\/\/yoast.com\/product\/yoast-seo-wordpress\/ -->\n<title>Zapisy na nowy rok szkolny - IH Wroc\u0142aw<\/title>\n<meta name=\"robots\" content=\"index, follow, max-snippet:-1, max-image-preview:large, max-video-preview:-1\" \/>\n<link rel=\"canonical\" href=\"https:\/\/www.ih.com.pl\/wroclaw\/zapisy-na-nowy-rok-szkolny\/\" \/>\n<meta property=\"og:locale\" content=\"pl_PL\" \/>\n<meta property=\"og:type\" content=\"article\" \/>\n<meta property=\"og:title\" content=\"Zapisy na nowy rok szkolny - IH Wroc\u0142aw\" \/>\n<meta property=\"og:description\" content=\"Rekrutacja do grup ju\u017c ruszy\u0142a! Zaj\u0119cia rozpoczynamy 5 pa\u017adziernika. Mo\u017cna wybra\u0107 albo kurs stacjonarny, albo nauk\u0119 on-line. Osoby kontynuuj\u0105ce zapisujemy [&hellip;]\" \/>\n<meta property=\"og:url\" content=\"https:\/\/www.ih.com.pl\/wroclaw\/zapisy-na-nowy-rok-szkolny\/\" \/>\n<meta property=\"og:site_name\" content=\"IH Wroc\u0142aw\" \/>\n<meta property=\"article:published_time\" content=\"2020-08-20T12:35:47+00:00\" \/>\n<meta property=\"article:modified_time\" content=\"2020-12-17T12:20:55+00:00\" \/>\n<meta property=\"og:image\" content=\"https:\/\/www.ih.com.pl\/wroclaw\/wp-content\/uploads\/sites\/3\/2020\/08\/pexels-andrea-piacquadio-3769706-scaled.jpg\" \/>\n\t<meta property=\"og:image:width\" content=\"2560\" \/>\n\t<meta property=\"og:image:height\" content=\"1707\" \/>\n\t<meta property=\"og:image:type\" content=\"image\/jpeg\" \/>\n<meta name=\"author\" content=\"Agnieszka Jarzyna\" \/>\n<meta name=\"twitter:card\" content=\"summary_large_image\" \/>\n<meta name=\"twitter:label1\" content=\"Napisane przez\" \/>\n\t<meta name=\"twitter:data1\" content=\"Agnieszka Jarzyna\" \/>\n<script type=\"application\/ld+json\" class=\"yoast-schema-graph\">{\"@context\":\"https:\/\/schema.org\",\"@graph\":[{\"@type\":\"Article\",\"@id\":\"https:\/\/www.ih.com.pl\/wroclaw\/zapisy-na-nowy-rok-szkolny\/#article\",\"isPartOf\":{\"@id\":\"https:\/\/www.ih.com.pl\/wroclaw\/zapisy-na-nowy-rok-szkolny\/\"},\"author\":{\"name\":\"Agnieszka Jarzyna\",\"@id\":\"https:\/\/www.ih.com.pl\/wroclaw\/#\/schema\/person\/9e106cb64c03442c416adbb9ffd1a8db\"},\"headline\":\"Zapisy na nowy rok szkolny\",\"datePublished\":\"2020-08-20T12:35:47+00:00\",\"dateModified\":\"2020-12-17T12:20:55+00:00\",\"mainEntityOfPage\":{\"@id\":\"https:\/\/www.ih.com.pl\/wroclaw\/zapisy-na-nowy-rok-szkolny\/\"},\"wordCount\":74,\"image\":{\"@id\":\"https:\/\/www.ih.com.pl\/wroclaw\/zapisy-na-nowy-rok-szkolny\/#primaryimage\"},\"thumbnailUrl\":\"https:\/\/www.ih.com.pl\/wroclaw\/wp-content\/uploads\/sites\/3\/2020\/08\/pexels-andrea-piacquadio-3769706-scaled.jpg\",\"inLanguage\":\"pl-PL\"},{\"@type\":\"WebPage\",\"@id\":\"https:\/\/www.ih.com.pl\/wroclaw\/zapisy-na-nowy-rok-szkolny\/\",\"url\":\"https:\/\/www.ih.com.pl\/wroclaw\/zapisy-na-nowy-rok-szkolny\/\",\"name\":\"Zapisy na nowy rok szkolny - IH Wroc\u0142aw\",\"isPartOf\":{\"@id\":\"https:\/\/www.ih.com.pl\/wroclaw\/#website\"},\"primaryImageOfPage\":{\"@id\":\"https:\/\/www.ih.com.pl\/wroclaw\/zapisy-na-nowy-rok-szkolny\/#primaryimage\"},\"image\":{\"@id\":\"https:\/\/www.ih.com.pl\/wroclaw\/zapisy-na-nowy-rok-szkolny\/#primaryimage\"},\"thumbnailUrl\":\"https:\/\/www.ih.com.pl\/wroclaw\/wp-content\/uploads\/sites\/3\/2020\/08\/pexels-andrea-piacquadio-3769706-scaled.jpg\",\"datePublished\":\"2020-08-20T12:35:47+00:00\",\"dateModified\":\"2020-12-17T12:20:55+00:00\",\"author\":{\"@id\":\"https:\/\/www.ih.com.pl\/wroclaw\/#\/schema\/person\/9e106cb64c03442c416adbb9ffd1a8db\"},\"breadcrumb\":{\"@id\":\"https:\/\/www.ih.com.pl\/wroclaw\/zapisy-na-nowy-rok-szkolny\/#breadcrumb\"},\"inLanguage\":\"pl-PL\",\"potentialAction\":[{\"@type\":\"ReadAction\",\"target\":[\"https:\/\/www.ih.com.pl\/wroclaw\/zapisy-na-nowy-rok-szkolny\/\"]}]},{\"@type\":\"ImageObject\",\"inLanguage\":\"pl-PL\",\"@id\":\"https:\/\/www.ih.com.pl\/wroclaw\/zapisy-na-nowy-rok-szkolny\/#primaryimage\",\"url\":\"https:\/\/www.ih.com.pl\/wroclaw\/wp-content\/uploads\/sites\/3\/2020\/08\/pexels-andrea-piacquadio-3769706-scaled.jpg\",\"contentUrl\":\"https:\/\/www.ih.com.pl\/wroclaw\/wp-content\/uploads\/sites\/3\/2020\/08\/pexels-andrea-piacquadio-3769706-scaled.jpg\",\"width\":2560,\"height\":1707},{\"@type\":\"BreadcrumbList\",\"@id\":\"https:\/\/www.ih.com.pl\/wroclaw\/zapisy-na-nowy-rok-szkolny\/#breadcrumb\",\"itemListElement\":[{\"@type\":\"ListItem\",\"position\":1,\"name\":\"Strona g\u0142\u00f3wna\",\"item\":\"https:\/\/www.ih.com.pl\/wroclaw\/\"},{\"@type\":\"ListItem\",\"position\":2,\"name\":\"Zapisy na nowy rok szkolny\"}]},{\"@type\":\"WebSite\",\"@id\":\"https:\/\/www.ih.com.pl\/wroclaw\/#website\",\"url\":\"https:\/\/www.ih.com.pl\/wroclaw\/\",\"name\":\"IH Wroc\u0142aw\",\"description\":\"\",\"potentialAction\":[{\"@type\":\"SearchAction\",\"target\":{\"@type\":\"EntryPoint\",\"urlTemplate\":\"https:\/\/www.ih.com.pl\/wroclaw\/?s={search_term_string}\"},\"query-input\":{\"@type\":\"PropertyValueSpecification\",\"valueRequired\":true,\"valueName\":\"search_term_string\"}}],\"inLanguage\":\"pl-PL\"},{\"@type\":\"Person\",\"@id\":\"https:\/\/www.ih.com.pl\/wroclaw\/#\/schema\/person\/9e106cb64c03442c416adbb9ffd1a8db\",\"name\":\"Agnieszka Jarzyna\",\"image\":{\"@type\":\"ImageObject\",\"inLanguage\":\"pl-PL\",\"@id\":\"https:\/\/www.ih.com.pl\/wroclaw\/#\/schema\/person\/image\/\",\"url\":\"https:\/\/secure.gravatar.com\/avatar\/07e8274e2ff13a59014f67c2c87200459fb48e7ce8ab9b00dbf117f945f5e9b7?s=96&d=mm&r=g\",\"contentUrl\":\"https:\/\/secure.gravatar.com\/avatar\/07e8274e2ff13a59014f67c2c87200459fb48e7ce8ab9b00dbf117f945f5e9b7?s=96&d=mm&r=g\",\"caption\":\"Agnieszka Jarzyna\"},\"url\":\"https:\/\/www.ih.com.pl\/wroclaw\/author\/agnieszkajarzyna\/\"}]}<\/script>\n<!-- \/ Yoast SEO plugin. -->","yoast_head_json":{"title":"Zapisy na nowy rok szkolny - IH Wroc\u0142aw","robots":{"index":"index","follow":"follow","max-snippet":"max-snippet:-1","max-image-preview":"max-image-preview:large","max-video-preview":"max-video-preview:-1"},"canonical":"https:\/\/www.ih.com.pl\/wroclaw\/zapisy-na-nowy-rok-szkolny\/","og_locale":"pl_PL","og_type":"article","og_title":"Zapisy na nowy rok szkolny - IH Wroc\u0142aw","og_description":"Rekrutacja do grup ju\u017c ruszy\u0142a! Zaj\u0119cia rozpoczynamy 5 pa\u017adziernika. Mo\u017cna wybra\u0107 albo kurs stacjonarny, albo nauk\u0119 on-line. Osoby kontynuuj\u0105ce zapisujemy [&hellip;]","og_url":"https:\/\/www.ih.com.pl\/wroclaw\/zapisy-na-nowy-rok-szkolny\/","og_site_name":"IH Wroc\u0142aw","article_published_time":"2020-08-20T12:35:47+00:00","article_modified_time":"2020-12-17T12:20:55+00:00","og_image":[{"width":2560,"height":1707,"url":"https:\/\/www.ih.com.pl\/wroclaw\/wp-content\/uploads\/sites\/3\/2020\/08\/pexels-andrea-piacquadio-3769706-scaled.jpg","type":"image\/jpeg"}],"author":"Agnieszka Jarzyna","twitter_card":"summary_large_image","twitter_misc":{"Napisane przez":"Agnieszka Jarzyna"},"schema":{"@context":"https:\/\/schema.org","@graph":[{"@type":"Article","@id":"https:\/\/www.ih.com.pl\/wroclaw\/zapisy-na-nowy-rok-szkolny\/#article","isPartOf":{"@id":"https:\/\/www.ih.com.pl\/wroclaw\/zapisy-na-nowy-rok-szkolny\/"},"author":{"name":"Agnieszka Jarzyna","@id":"https:\/\/www.ih.com.pl\/wroclaw\/#\/schema\/person\/9e106cb64c03442c416adbb9ffd1a8db"},"headline":"Zapisy na nowy rok szkolny","datePublished":"2020-08-20T12:35:47+00:00","dateModified":"2020-12-17T12:20:55+00:00","mainEntityOfPage":{"@id":"https:\/\/www.ih.com.pl\/wroclaw\/zapisy-na-nowy-rok-szkolny\/"},"wordCount":74,"image":{"@id":"https:\/\/www.ih.com.pl\/wroclaw\/zapisy-na-nowy-rok-szkolny\/#primaryimage"},"thumbnailUrl":"https:\/\/www.ih.com.pl\/wroclaw\/wp-content\/uploads\/sites\/3\/2020\/08\/pexels-andrea-piacquadio-3769706-scaled.jpg","inLanguage":"pl-PL"},{"@type":"WebPage","@id":"https:\/\/www.ih.com.pl\/wroclaw\/zapisy-na-nowy-rok-szkolny\/","url":"https:\/\/www.ih.com.pl\/wroclaw\/zapisy-na-nowy-rok-szkolny\/","name":"Zapisy na nowy rok szkolny - IH Wroc\u0142aw","isPartOf":{"@id":"https:\/\/www.ih.com.pl\/wroclaw\/#website"},"primaryImageOfPage":{"@id":"https:\/\/www.ih.com.pl\/wroclaw\/zapisy-na-nowy-rok-szkolny\/#primaryimage"},"image":{"@id":"https:\/\/www.ih.com.pl\/wroclaw\/zapisy-na-nowy-rok-szkolny\/#primaryimage"},"thumbnailUrl":"https:\/\/www.ih.com.pl\/wroclaw\/wp-content\/uploads\/sites\/3\/2020\/08\/pexels-andrea-piacquadio-3769706-scaled.jpg","datePublished":"2020-08-20T12:35:47+00:00","dateModified":"2020-12-17T12:20:55+00:00","author":{"@id":"https:\/\/www.ih.com.pl\/wroclaw\/#\/schema\/person\/9e106cb64c03442c416adbb9ffd1a8db"},"breadcrumb":{"@id":"https:\/\/www.ih.com.pl\/wroclaw\/zapisy-na-nowy-rok-szkolny\/#breadcrumb"},"inLanguage":"pl-PL","potentialAction":[{"@type":"ReadAction","target":["https:\/\/www.ih.com.pl\/wroclaw\/zapisy-na-nowy-rok-szkolny\/"]}]},{"@type":"ImageObject","inLanguage":"pl-PL","@id":"https:\/\/www.ih.com.pl\/wroclaw\/zapisy-na-nowy-rok-szkolny\/#primaryimage","url":"https:\/\/www.ih.com.pl\/wroclaw\/wp-content\/uploads\/sites\/3\/2020\/08\/pexels-andrea-piacquadio-3769706-scaled.jpg","contentUrl":"https:\/\/www.ih.com.pl\/wroclaw\/wp-content\/uploads\/sites\/3\/2020\/08\/pexels-andrea-piacquadio-3769706-scaled.jpg","width":2560,"height":1707},{"@type":"BreadcrumbList","@id":"https:\/\/www.ih.com.pl\/wroclaw\/zapisy-na-nowy-rok-szkolny\/#breadcrumb","itemListElement":[{"@type":"ListItem","position":1,"name":"Strona g\u0142\u00f3wna","item":"https:\/\/www.ih.com.pl\/wroclaw\/"},{"@type":"ListItem","position":2,"name":"Zapisy na nowy rok szkolny"}]},{"@type":"WebSite","@id":"https:\/\/www.ih.com.pl\/wroclaw\/#website","url":"https:\/\/www.ih.com.pl\/wroclaw\/","name":"IH Wroc\u0142aw","description":"","potentialAction":[{"@type":"SearchAction","target":{"@type":"EntryPoint","urlTemplate":"https:\/\/www.ih.com.pl\/wroclaw\/?s={search_term_string}"},"query-input":{"@type":"PropertyValueSpecification","valueRequired":true,"valueName":"search_term_string"}}],"inLanguage":"pl-PL"},{"@type":"Person","@id":"https:\/\/www.ih.com.pl\/wroclaw\/#\/schema\/person\/9e106cb64c03442c416adbb9ffd1a8db","name":"Agnieszka Jarzyna","image":{"@type":"ImageObject","inLanguage":"pl-PL","@id":"https:\/\/www.ih.com.pl\/wroclaw\/#\/schema\/person\/image\/","url":"https:\/\/secure.gravatar.com\/avatar\/07e8274e2ff13a59014f67c2c87200459fb48e7ce8ab9b00dbf117f945f5e9b7?s=96&d=mm&r=g","contentUrl":"https:\/\/secure.gravatar.com\/avatar\/07e8274e2ff13a59014f67c2c87200459fb48e7ce8ab9b00dbf117f945f5e9b7?s=96&d=mm&r=g","caption":"Agnieszka Jarzyna"},"url":"https:\/\/www.ih.com.pl\/wroclaw\/author\/agnieszkajarzyna\/"}]}},"_links":{"self":[{"href":"https:\/\/www.ih.com.pl\/wroclaw\/wp-json\/wp\/v2\/posts\/1408","targetHints":{"allow":["GET"]}}],"collection":[{"href":"https:\/\/www.ih.com.pl\/wroclaw\/wp-json\/wp\/v2\/posts"}],"about":[{"href":"https:\/\/www.ih.com.pl\/wroclaw\/wp-json\/wp\/v2\/types\/post"}],"author":[{"embeddable":true,"href":"https:\/\/www.ih.com.pl\/wroclaw\/wp-json\/wp\/v2\/users\/3"}],"replies":[{"embeddable":true,"href":"https:\/\/www.ih.com.pl\/wroclaw\/wp-json\/wp\/v2\/comments?post=1408"}],"version-history":[{"count":4,"href":"https:\/\/www.ih.com.pl\/wroclaw\/wp-json\/wp\/v2\/posts\/1408\/revisions"}],"predecessor-version":[{"id":1413,"href":"https:\/\/www.ih.com.pl\/wroclaw\/wp-json\/wp\/v2\/posts\/1408\/revisions\/1413"}],"wp:featuredmedia":[{"embeddable":true,"href":"https:\/\/www.ih.com.pl\/wroclaw\/wp-json\/wp\/v2\/media\/1409"}],"wp:attachment":[{"href":"https:\/\/www.ih.com.pl\/wroclaw\/wp-json\/wp\/v2\/media?parent=1408"}],"wp:term":[{"taxonomy":"category","embeddable":true,"href":"https:\/\/www.ih.com.pl\/wroclaw\/wp-json\/wp\/v2\/categories?post=1408"},{"taxonomy":"post_tag","embeddable":true,"href":"https:\/\/www.ih.com.pl\/wroclaw\/wp-json\/wp\/v2\/tags?post=1408"}],"curies":[{"name":"wp","href":"https:\/\/api.w.org\/{rel}","templated":true}]}}