{"id":1671,"date":"2020-12-04T12:57:31","date_gmt":"2020-12-04T11:57:31","guid":{"rendered":"https:\/\/www.ih.com.pl\/wroclaw\/?p=1671"},"modified":"2021-01-28T16:07:11","modified_gmt":"2021-01-28T15:07:11","slug":"ferie-zimowe","status":"publish","type":"post","link":"https:\/\/www.ih.com.pl\/wroclaw\/ferie-zimowe\/","title":{"rendered":"FERIE ZIMOWE"},"content":{"rendered":"<p>ZMIANA TERMINU FERII ZIMOWYCH.<br \/>\nW zwi\u0105zku z odg\u00f3rn\u0105 decyzj\u0105 o zmianie termin\u00f3w szkolnych ferii zimowych informujemy, \u017ce r\u00f3wnie\u017c w IH ferie zimowe zostaj\u0105 przesuni\u0119te na termin 4 &#8211; 17 stycznia 2021.<\/p>\n<p><span style=\"color: #494e4f\"><span style=\"font-family: OpenSansRegular, arial, sans\"><span style=\"font-size: small\">W tym czasie zaj\u0119cia si\u0119 nie odbywaj\u0105. <\/span><\/span><\/span><\/p>\n<p><span style=\"color: #494e4f\"><span style=\"font-family: OpenSansRegular, arial, sans\"><span style=\"font-size: small\">Biuro czynne jest od 10.00 do 18.00<\/span><\/span><\/span><\/p>\n","protected":false},"excerpt":{"rendered":"<p>ZMIANA TERMINU FERII ZIMOWYCH. W zwi\u0105zku z odg\u00f3rn\u0105 decyzj\u0105 o zmianie termin\u00f3w szkolnych ferii zimowych informujemy, \u017ce r\u00f3wnie\u017c w IH [&hellip;]<\/p>\n","protected":false},"author":3,"featured_media":1672,"comment_status":"closed","ping_status":"closed","sticky":false,"template":"","format":"standard","meta":{"footnotes":""},"categories":[1],"tags":[],"class_list":["post-1671","post","type-post","status-publish","format-standard","has-post-thumbnail","hentry","category-bez-kategorii"],"yoast_head":"<!-- This site is optimized with the Yoast SEO plugin v26.8 - https:\/\/yoast.com\/product\/yoast-seo-wordpress\/ -->\n<title>FERIE ZIMOWE - IH Wroc\u0142aw<\/title>\n<meta name=\"robots\" content=\"index, follow, max-snippet:-1, max-image-preview:large, max-video-preview:-1\" \/>\n<link rel=\"canonical\" href=\"https:\/\/www.ih.com.pl\/wroclaw\/ferie-zimowe\/\" \/>\n<meta property=\"og:locale\" content=\"pl_PL\" \/>\n<meta property=\"og:type\" content=\"article\" \/>\n<meta property=\"og:title\" content=\"FERIE ZIMOWE - IH Wroc\u0142aw\" \/>\n<meta property=\"og:description\" content=\"ZMIANA TERMINU FERII ZIMOWYCH. W zwi\u0105zku z odg\u00f3rn\u0105 decyzj\u0105 o zmianie termin\u00f3w szkolnych ferii zimowych informujemy, \u017ce r\u00f3wnie\u017c w IH [&hellip;]\" \/>\n<meta property=\"og:url\" content=\"https:\/\/www.ih.com.pl\/wroclaw\/ferie-zimowe\/\" \/>\n<meta property=\"og:site_name\" content=\"IH Wroc\u0142aw\" \/>\n<meta property=\"article:published_time\" content=\"2020-12-04T11:57:31+00:00\" \/>\n<meta property=\"article:modified_time\" content=\"2021-01-28T15:07:11+00:00\" \/>\n<meta property=\"og:image\" content=\"https:\/\/www.ih.com.pl\/wroclaw\/wp-content\/uploads\/sites\/3\/2020\/12\/jimmy-conover-_hdO_l751fE-unsplash.jpg\" \/>\n\t<meta property=\"og:image:width\" content=\"1024\" \/>\n\t<meta property=\"og:image:height\" content=\"683\" \/>\n\t<meta property=\"og:image:type\" content=\"image\/jpeg\" \/>\n<meta name=\"author\" content=\"Agnieszka Jarzyna\" \/>\n<meta name=\"twitter:card\" content=\"summary_large_image\" \/>\n<meta name=\"twitter:label1\" content=\"Napisane przez\" \/>\n\t<meta name=\"twitter:data1\" content=\"Agnieszka Jarzyna\" \/>\n<script type=\"application\/ld+json\" class=\"yoast-schema-graph\">{\"@context\":\"https:\/\/schema.org\",\"@graph\":[{\"@type\":\"Article\",\"@id\":\"https:\/\/www.ih.com.pl\/wroclaw\/ferie-zimowe\/#article\",\"isPartOf\":{\"@id\":\"https:\/\/www.ih.com.pl\/wroclaw\/ferie-zimowe\/\"},\"author\":{\"name\":\"Agnieszka Jarzyna\",\"@id\":\"https:\/\/www.ih.com.pl\/wroclaw\/#\/schema\/person\/9e106cb64c03442c416adbb9ffd1a8db\"},\"headline\":\"FERIE ZIMOWE\",\"datePublished\":\"2020-12-04T11:57:31+00:00\",\"dateModified\":\"2021-01-28T15:07:11+00:00\",\"mainEntityOfPage\":{\"@id\":\"https:\/\/www.ih.com.pl\/wroclaw\/ferie-zimowe\/\"},\"wordCount\":48,\"image\":{\"@id\":\"https:\/\/www.ih.com.pl\/wroclaw\/ferie-zimowe\/#primaryimage\"},\"thumbnailUrl\":\"https:\/\/www.ih.com.pl\/wroclaw\/wp-content\/uploads\/sites\/3\/2020\/12\/jimmy-conover-_hdO_l751fE-unsplash.jpg\",\"inLanguage\":\"pl-PL\"},{\"@type\":\"WebPage\",\"@id\":\"https:\/\/www.ih.com.pl\/wroclaw\/ferie-zimowe\/\",\"url\":\"https:\/\/www.ih.com.pl\/wroclaw\/ferie-zimowe\/\",\"name\":\"FERIE ZIMOWE - IH Wroc\u0142aw\",\"isPartOf\":{\"@id\":\"https:\/\/www.ih.com.pl\/wroclaw\/#website\"},\"primaryImageOfPage\":{\"@id\":\"https:\/\/www.ih.com.pl\/wroclaw\/ferie-zimowe\/#primaryimage\"},\"image\":{\"@id\":\"https:\/\/www.ih.com.pl\/wroclaw\/ferie-zimowe\/#primaryimage\"},\"thumbnailUrl\":\"https:\/\/www.ih.com.pl\/wroclaw\/wp-content\/uploads\/sites\/3\/2020\/12\/jimmy-conover-_hdO_l751fE-unsplash.jpg\",\"datePublished\":\"2020-12-04T11:57:31+00:00\",\"dateModified\":\"2021-01-28T15:07:11+00:00\",\"author\":{\"@id\":\"https:\/\/www.ih.com.pl\/wroclaw\/#\/schema\/person\/9e106cb64c03442c416adbb9ffd1a8db\"},\"breadcrumb\":{\"@id\":\"https:\/\/www.ih.com.pl\/wroclaw\/ferie-zimowe\/#breadcrumb\"},\"inLanguage\":\"pl-PL\",\"potentialAction\":[{\"@type\":\"ReadAction\",\"target\":[\"https:\/\/www.ih.com.pl\/wroclaw\/ferie-zimowe\/\"]}]},{\"@type\":\"ImageObject\",\"inLanguage\":\"pl-PL\",\"@id\":\"https:\/\/www.ih.com.pl\/wroclaw\/ferie-zimowe\/#primaryimage\",\"url\":\"https:\/\/www.ih.com.pl\/wroclaw\/wp-content\/uploads\/sites\/3\/2020\/12\/jimmy-conover-_hdO_l751fE-unsplash.jpg\",\"contentUrl\":\"https:\/\/www.ih.com.pl\/wroclaw\/wp-content\/uploads\/sites\/3\/2020\/12\/jimmy-conover-_hdO_l751fE-unsplash.jpg\",\"width\":1024,\"height\":683},{\"@type\":\"BreadcrumbList\",\"@id\":\"https:\/\/www.ih.com.pl\/wroclaw\/ferie-zimowe\/#breadcrumb\",\"itemListElement\":[{\"@type\":\"ListItem\",\"position\":1,\"name\":\"Strona g\u0142\u00f3wna\",\"item\":\"https:\/\/www.ih.com.pl\/wroclaw\/\"},{\"@type\":\"ListItem\",\"position\":2,\"name\":\"FERIE ZIMOWE\"}]},{\"@type\":\"WebSite\",\"@id\":\"https:\/\/www.ih.com.pl\/wroclaw\/#website\",\"url\":\"https:\/\/www.ih.com.pl\/wroclaw\/\",\"name\":\"IH Wroc\u0142aw\",\"description\":\"\",\"potentialAction\":[{\"@type\":\"SearchAction\",\"target\":{\"@type\":\"EntryPoint\",\"urlTemplate\":\"https:\/\/www.ih.com.pl\/wroclaw\/?s={search_term_string}\"},\"query-input\":{\"@type\":\"PropertyValueSpecification\",\"valueRequired\":true,\"valueName\":\"search_term_string\"}}],\"inLanguage\":\"pl-PL\"},{\"@type\":\"Person\",\"@id\":\"https:\/\/www.ih.com.pl\/wroclaw\/#\/schema\/person\/9e106cb64c03442c416adbb9ffd1a8db\",\"name\":\"Agnieszka Jarzyna\",\"image\":{\"@type\":\"ImageObject\",\"inLanguage\":\"pl-PL\",\"@id\":\"https:\/\/www.ih.com.pl\/wroclaw\/#\/schema\/person\/image\/\",\"url\":\"https:\/\/secure.gravatar.com\/avatar\/07e8274e2ff13a59014f67c2c87200459fb48e7ce8ab9b00dbf117f945f5e9b7?s=96&d=mm&r=g\",\"contentUrl\":\"https:\/\/secure.gravatar.com\/avatar\/07e8274e2ff13a59014f67c2c87200459fb48e7ce8ab9b00dbf117f945f5e9b7?s=96&d=mm&r=g\",\"caption\":\"Agnieszka Jarzyna\"},\"url\":\"https:\/\/www.ih.com.pl\/wroclaw\/author\/agnieszkajarzyna\/\"}]}<\/script>\n<!-- \/ Yoast SEO plugin. -->","yoast_head_json":{"title":"FERIE ZIMOWE - IH Wroc\u0142aw","robots":{"index":"index","follow":"follow","max-snippet":"max-snippet:-1","max-image-preview":"max-image-preview:large","max-video-preview":"max-video-preview:-1"},"canonical":"https:\/\/www.ih.com.pl\/wroclaw\/ferie-zimowe\/","og_locale":"pl_PL","og_type":"article","og_title":"FERIE ZIMOWE - IH Wroc\u0142aw","og_description":"ZMIANA TERMINU FERII ZIMOWYCH. W zwi\u0105zku z odg\u00f3rn\u0105 decyzj\u0105 o zmianie termin\u00f3w szkolnych ferii zimowych informujemy, \u017ce r\u00f3wnie\u017c w IH [&hellip;]","og_url":"https:\/\/www.ih.com.pl\/wroclaw\/ferie-zimowe\/","og_site_name":"IH Wroc\u0142aw","article_published_time":"2020-12-04T11:57:31+00:00","article_modified_time":"2021-01-28T15:07:11+00:00","og_image":[{"width":1024,"height":683,"url":"https:\/\/www.ih.com.pl\/wroclaw\/wp-content\/uploads\/sites\/3\/2020\/12\/jimmy-conover-_hdO_l751fE-unsplash.jpg","type":"image\/jpeg"}],"author":"Agnieszka Jarzyna","twitter_card":"summary_large_image","twitter_misc":{"Napisane przez":"Agnieszka Jarzyna"},"schema":{"@context":"https:\/\/schema.org","@graph":[{"@type":"Article","@id":"https:\/\/www.ih.com.pl\/wroclaw\/ferie-zimowe\/#article","isPartOf":{"@id":"https:\/\/www.ih.com.pl\/wroclaw\/ferie-zimowe\/"},"author":{"name":"Agnieszka Jarzyna","@id":"https:\/\/www.ih.com.pl\/wroclaw\/#\/schema\/person\/9e106cb64c03442c416adbb9ffd1a8db"},"headline":"FERIE ZIMOWE","datePublished":"2020-12-04T11:57:31+00:00","dateModified":"2021-01-28T15:07:11+00:00","mainEntityOfPage":{"@id":"https:\/\/www.ih.com.pl\/wroclaw\/ferie-zimowe\/"},"wordCount":48,"image":{"@id":"https:\/\/www.ih.com.pl\/wroclaw\/ferie-zimowe\/#primaryimage"},"thumbnailUrl":"https:\/\/www.ih.com.pl\/wroclaw\/wp-content\/uploads\/sites\/3\/2020\/12\/jimmy-conover-_hdO_l751fE-unsplash.jpg","inLanguage":"pl-PL"},{"@type":"WebPage","@id":"https:\/\/www.ih.com.pl\/wroclaw\/ferie-zimowe\/","url":"https:\/\/www.ih.com.pl\/wroclaw\/ferie-zimowe\/","name":"FERIE ZIMOWE - IH Wroc\u0142aw","isPartOf":{"@id":"https:\/\/www.ih.com.pl\/wroclaw\/#website"},"primaryImageOfPage":{"@id":"https:\/\/www.ih.com.pl\/wroclaw\/ferie-zimowe\/#primaryimage"},"image":{"@id":"https:\/\/www.ih.com.pl\/wroclaw\/ferie-zimowe\/#primaryimage"},"thumbnailUrl":"https:\/\/www.ih.com.pl\/wroclaw\/wp-content\/uploads\/sites\/3\/2020\/12\/jimmy-conover-_hdO_l751fE-unsplash.jpg","datePublished":"2020-12-04T11:57:31+00:00","dateModified":"2021-01-28T15:07:11+00:00","author":{"@id":"https:\/\/www.ih.com.pl\/wroclaw\/#\/schema\/person\/9e106cb64c03442c416adbb9ffd1a8db"},"breadcrumb":{"@id":"https:\/\/www.ih.com.pl\/wroclaw\/ferie-zimowe\/#breadcrumb"},"inLanguage":"pl-PL","potentialAction":[{"@type":"ReadAction","target":["https:\/\/www.ih.com.pl\/wroclaw\/ferie-zimowe\/"]}]},{"@type":"ImageObject","inLanguage":"pl-PL","@id":"https:\/\/www.ih.com.pl\/wroclaw\/ferie-zimowe\/#primaryimage","url":"https:\/\/www.ih.com.pl\/wroclaw\/wp-content\/uploads\/sites\/3\/2020\/12\/jimmy-conover-_hdO_l751fE-unsplash.jpg","contentUrl":"https:\/\/www.ih.com.pl\/wroclaw\/wp-content\/uploads\/sites\/3\/2020\/12\/jimmy-conover-_hdO_l751fE-unsplash.jpg","width":1024,"height":683},{"@type":"BreadcrumbList","@id":"https:\/\/www.ih.com.pl\/wroclaw\/ferie-zimowe\/#breadcrumb","itemListElement":[{"@type":"ListItem","position":1,"name":"Strona g\u0142\u00f3wna","item":"https:\/\/www.ih.com.pl\/wroclaw\/"},{"@type":"ListItem","position":2,"name":"FERIE ZIMOWE"}]},{"@type":"WebSite","@id":"https:\/\/www.ih.com.pl\/wroclaw\/#website","url":"https:\/\/www.ih.com.pl\/wroclaw\/","name":"IH Wroc\u0142aw","description":"","potentialAction":[{"@type":"SearchAction","target":{"@type":"EntryPoint","urlTemplate":"https:\/\/www.ih.com.pl\/wroclaw\/?s={search_term_string}"},"query-input":{"@type":"PropertyValueSpecification","valueRequired":true,"valueName":"search_term_string"}}],"inLanguage":"pl-PL"},{"@type":"Person","@id":"https:\/\/www.ih.com.pl\/wroclaw\/#\/schema\/person\/9e106cb64c03442c416adbb9ffd1a8db","name":"Agnieszka Jarzyna","image":{"@type":"ImageObject","inLanguage":"pl-PL","@id":"https:\/\/www.ih.com.pl\/wroclaw\/#\/schema\/person\/image\/","url":"https:\/\/secure.gravatar.com\/avatar\/07e8274e2ff13a59014f67c2c87200459fb48e7ce8ab9b00dbf117f945f5e9b7?s=96&d=mm&r=g","contentUrl":"https:\/\/secure.gravatar.com\/avatar\/07e8274e2ff13a59014f67c2c87200459fb48e7ce8ab9b00dbf117f945f5e9b7?s=96&d=mm&r=g","caption":"Agnieszka Jarzyna"},"url":"https:\/\/www.ih.com.pl\/wroclaw\/author\/agnieszkajarzyna\/"}]}},"_links":{"self":[{"href":"https:\/\/www.ih.com.pl\/wroclaw\/wp-json\/wp\/v2\/posts\/1671","targetHints":{"allow":["GET"]}}],"collection":[{"href":"https:\/\/www.ih.com.pl\/wroclaw\/wp-json\/wp\/v2\/posts"}],"about":[{"href":"https:\/\/www.ih.com.pl\/wroclaw\/wp-json\/wp\/v2\/types\/post"}],"author":[{"embeddable":true,"href":"https:\/\/www.ih.com.pl\/wroclaw\/wp-json\/wp\/v2\/users\/3"}],"replies":[{"embeddable":true,"href":"https:\/\/www.ih.com.pl\/wroclaw\/wp-json\/wp\/v2\/comments?post=1671"}],"version-history":[{"count":3,"href":"https:\/\/www.ih.com.pl\/wroclaw\/wp-json\/wp\/v2\/posts\/1671\/revisions"}],"predecessor-version":[{"id":1707,"href":"https:\/\/www.ih.com.pl\/wroclaw\/wp-json\/wp\/v2\/posts\/1671\/revisions\/1707"}],"wp:featuredmedia":[{"embeddable":true,"href":"https:\/\/www.ih.com.pl\/wroclaw\/wp-json\/wp\/v2\/media\/1672"}],"wp:attachment":[{"href":"https:\/\/www.ih.com.pl\/wroclaw\/wp-json\/wp\/v2\/media?parent=1671"}],"wp:term":[{"taxonomy":"category","embeddable":true,"href":"https:\/\/www.ih.com.pl\/wroclaw\/wp-json\/wp\/v2\/categories?post=1671"},{"taxonomy":"post_tag","embeddable":true,"href":"https:\/\/www.ih.com.pl\/wroclaw\/wp-json\/wp\/v2\/tags?post=1671"}],"curies":[{"name":"wp","href":"https:\/\/api.w.org\/{rel}","templated":true}]}}