{"id":1883,"date":"2021-10-08T14:19:44","date_gmt":"2021-10-08T12:19:44","guid":{"rendered":"https:\/\/www.ih.com.pl\/wroclaw\/?p=1883"},"modified":"2021-12-07T15:53:53","modified_gmt":"2021-12-07T14:53:53","slug":"wolne-miejsca-w-grupach","status":"publish","type":"post","link":"https:\/\/www.ih.com.pl\/wroclaw\/wolne-miejsca-w-grupach\/","title":{"rendered":"Wolne miejsca w grupach!"},"content":{"rendered":"<p>Mamy jeszcze wolne miejsca w grupach:<\/p>\n<p><u>Dzieci i m\u0142odzie\u017c<\/u><\/p>\n<p><strong>Pumas<\/strong> (5 latki) wtorek \u2013 czwartek 17.15 \u2013 18.15<\/p>\n<p><strong>Pre-Starters<\/strong>\u00a0 poniedzia\u0142ek \u2013 \u015broda 17.15 \u2013 18:15<\/p>\n<p><strong>Starters<\/strong>\u00a0 poniedzia\u0142ek \u2013 \u015broda 15:30 \u2013 17.00<\/p>\n<p><strong>Movers<\/strong> poniedzia\u0142ek \u2013 \u015broda 15:30 \u2013 17.00, wtorek \u2013 czwartek 17:15 \u2013 18:45<\/p>\n<p><strong>Flyers<\/strong> wtorek \u2013 czwartek 15:30 \u2013 17:00, poniedzia\u0142ek \u2013 \u015broda 17:15 \u2013 18:45<\/p>\n<p>&nbsp;<\/p>\n<p><strong>G3<\/strong> (B1.1) poniedzia\u0142ki \u2013 \u015brody 15:30 \u2013 17:00<\/p>\n<p><strong>G4<\/strong> (B1.2) wtorek \u2013 czwartek 15:30 \u2013 17:00, poniedzia\u0142ek \u2013 \u015broda 17:15 \u2013 18:45<\/p>\n<p><strong>G5<\/strong> (B2.1) poniedzia\u0142ek \u2013 \u015broda 17:30 \u2013 19:00<\/p>\n<p><strong>L8<\/strong> (C1.2) wtorek \u2013 czwartek 15:30 \u2013 17:00<\/p>\n<p><u>Doro\u015bli<\/u><\/p>\n<p><strong>D2<\/strong> (A1\/A2) poniedzia\u0142ek \u2013 \u015broda 19.00 \u2013 20:30<\/p>\n<p><strong>D3<\/strong> (B1.1) poniedzia\u0142ek \u2013 \u015broda 17.15 \u2013 18:45<\/p>\n<p><strong>D4<\/strong> (B1.2) wtorek \u2013 czwartek 17:15 \u2013 18:45<\/p>\n<p><strong>D6<\/strong> (B2.2) wtorek \u2013 czwartek 17:15 \u2013 18:45<\/p>\n<p><strong>D9<\/strong> (C2) wtorek \u2013 czwartek 19:00 \u2013 20:30<\/p>\n<p><strong>Authentic<\/strong> (konwersacje B2+) &#8211; czwartek 19:00 \u2013 20:30<\/p>\n<p>W sprawie rezerwacji miejsc prosimy o kontakt z biurem szko\u0142y:<\/p>\n<p><a href=\"mailto:biurowroc@ih.com.pl\">biurowroc@ih.com.pl<\/a><\/p>\n<p>699 963 464<\/p>\n<p>&nbsp;<\/p>\n","protected":false},"excerpt":{"rendered":"<p>Mamy jeszcze wolne miejsca w grupach: Dzieci i m\u0142odzie\u017c Pumas (5 latki) wtorek \u2013 czwartek 17.15 \u2013 18.15 Pre-Starters\u00a0 poniedzia\u0142ek [&hellip;]<\/p>\n","protected":false},"author":3,"featured_media":1884,"comment_status":"closed","ping_status":"closed","sticky":false,"template":"","format":"standard","meta":{"footnotes":""},"categories":[1],"tags":[],"class_list":["post-1883","post","type-post","status-publish","format-standard","has-post-thumbnail","hentry","category-bez-kategorii"],"yoast_head":"<!-- This site is optimized with the Yoast SEO plugin v26.8 - https:\/\/yoast.com\/product\/yoast-seo-wordpress\/ -->\n<title>Wolne miejsca w grupach! - IH Wroc\u0142aw<\/title>\n<meta name=\"robots\" content=\"index, follow, max-snippet:-1, max-image-preview:large, max-video-preview:-1\" \/>\n<link rel=\"canonical\" href=\"https:\/\/www.ih.com.pl\/wroclaw\/wolne-miejsca-w-grupach\/\" \/>\n<meta property=\"og:locale\" content=\"pl_PL\" \/>\n<meta property=\"og:type\" content=\"article\" \/>\n<meta property=\"og:title\" content=\"Wolne miejsca w grupach! - IH Wroc\u0142aw\" \/>\n<meta property=\"og:description\" content=\"Mamy jeszcze wolne miejsca w grupach: Dzieci i m\u0142odzie\u017c Pumas (5 latki) wtorek \u2013 czwartek 17.15 \u2013 18.15 Pre-Starters\u00a0 poniedzia\u0142ek [&hellip;]\" \/>\n<meta property=\"og:url\" content=\"https:\/\/www.ih.com.pl\/wroclaw\/wolne-miejsca-w-grupach\/\" \/>\n<meta property=\"og:site_name\" content=\"IH Wroc\u0142aw\" \/>\n<meta property=\"article:published_time\" content=\"2021-10-08T12:19:44+00:00\" \/>\n<meta property=\"article:modified_time\" content=\"2021-12-07T14:53:53+00:00\" \/>\n<meta property=\"og:image\" content=\"https:\/\/www.ih.com.pl\/wroclaw\/wp-content\/uploads\/sites\/3\/2021\/10\/image-from-rawpixel-id-450168-jpeg.jpg\" \/>\n\t<meta property=\"og:image:width\" content=\"1200\" \/>\n\t<meta property=\"og:image:height\" content=\"800\" \/>\n\t<meta property=\"og:image:type\" content=\"image\/jpeg\" \/>\n<meta name=\"author\" content=\"Agnieszka Jarzyna\" \/>\n<meta name=\"twitter:card\" content=\"summary_large_image\" \/>\n<meta name=\"twitter:label1\" content=\"Napisane przez\" \/>\n\t<meta name=\"twitter:data1\" content=\"Agnieszka Jarzyna\" \/>\n\t<meta name=\"twitter:label2\" content=\"Szacowany czas czytania\" \/>\n\t<meta name=\"twitter:data2\" content=\"1 minuta\" \/>\n<script type=\"application\/ld+json\" class=\"yoast-schema-graph\">{\"@context\":\"https:\/\/schema.org\",\"@graph\":[{\"@type\":\"Article\",\"@id\":\"https:\/\/www.ih.com.pl\/wroclaw\/wolne-miejsca-w-grupach\/#article\",\"isPartOf\":{\"@id\":\"https:\/\/www.ih.com.pl\/wroclaw\/wolne-miejsca-w-grupach\/\"},\"author\":{\"name\":\"Agnieszka Jarzyna\",\"@id\":\"https:\/\/www.ih.com.pl\/wroclaw\/#\/schema\/person\/9e106cb64c03442c416adbb9ffd1a8db\"},\"headline\":\"Wolne miejsca w grupach!\",\"datePublished\":\"2021-10-08T12:19:44+00:00\",\"dateModified\":\"2021-12-07T14:53:53+00:00\",\"mainEntityOfPage\":{\"@id\":\"https:\/\/www.ih.com.pl\/wroclaw\/wolne-miejsca-w-grupach\/\"},\"wordCount\":106,\"image\":{\"@id\":\"https:\/\/www.ih.com.pl\/wroclaw\/wolne-miejsca-w-grupach\/#primaryimage\"},\"thumbnailUrl\":\"https:\/\/www.ih.com.pl\/wroclaw\/wp-content\/uploads\/sites\/3\/2021\/10\/image-from-rawpixel-id-450168-jpeg.jpg\",\"inLanguage\":\"pl-PL\"},{\"@type\":\"WebPage\",\"@id\":\"https:\/\/www.ih.com.pl\/wroclaw\/wolne-miejsca-w-grupach\/\",\"url\":\"https:\/\/www.ih.com.pl\/wroclaw\/wolne-miejsca-w-grupach\/\",\"name\":\"Wolne miejsca w grupach! - IH Wroc\u0142aw\",\"isPartOf\":{\"@id\":\"https:\/\/www.ih.com.pl\/wroclaw\/#website\"},\"primaryImageOfPage\":{\"@id\":\"https:\/\/www.ih.com.pl\/wroclaw\/wolne-miejsca-w-grupach\/#primaryimage\"},\"image\":{\"@id\":\"https:\/\/www.ih.com.pl\/wroclaw\/wolne-miejsca-w-grupach\/#primaryimage\"},\"thumbnailUrl\":\"https:\/\/www.ih.com.pl\/wroclaw\/wp-content\/uploads\/sites\/3\/2021\/10\/image-from-rawpixel-id-450168-jpeg.jpg\",\"datePublished\":\"2021-10-08T12:19:44+00:00\",\"dateModified\":\"2021-12-07T14:53:53+00:00\",\"author\":{\"@id\":\"https:\/\/www.ih.com.pl\/wroclaw\/#\/schema\/person\/9e106cb64c03442c416adbb9ffd1a8db\"},\"breadcrumb\":{\"@id\":\"https:\/\/www.ih.com.pl\/wroclaw\/wolne-miejsca-w-grupach\/#breadcrumb\"},\"inLanguage\":\"pl-PL\",\"potentialAction\":[{\"@type\":\"ReadAction\",\"target\":[\"https:\/\/www.ih.com.pl\/wroclaw\/wolne-miejsca-w-grupach\/\"]}]},{\"@type\":\"ImageObject\",\"inLanguage\":\"pl-PL\",\"@id\":\"https:\/\/www.ih.com.pl\/wroclaw\/wolne-miejsca-w-grupach\/#primaryimage\",\"url\":\"https:\/\/www.ih.com.pl\/wroclaw\/wp-content\/uploads\/sites\/3\/2021\/10\/image-from-rawpixel-id-450168-jpeg.jpg\",\"contentUrl\":\"https:\/\/www.ih.com.pl\/wroclaw\/wp-content\/uploads\/sites\/3\/2021\/10\/image-from-rawpixel-id-450168-jpeg.jpg\",\"width\":1200,\"height\":800,\"caption\":\"People with happy emotion emoticon icon illustration\"},{\"@type\":\"BreadcrumbList\",\"@id\":\"https:\/\/www.ih.com.pl\/wroclaw\/wolne-miejsca-w-grupach\/#breadcrumb\",\"itemListElement\":[{\"@type\":\"ListItem\",\"position\":1,\"name\":\"Strona g\u0142\u00f3wna\",\"item\":\"https:\/\/www.ih.com.pl\/wroclaw\/\"},{\"@type\":\"ListItem\",\"position\":2,\"name\":\"Wolne miejsca w grupach!\"}]},{\"@type\":\"WebSite\",\"@id\":\"https:\/\/www.ih.com.pl\/wroclaw\/#website\",\"url\":\"https:\/\/www.ih.com.pl\/wroclaw\/\",\"name\":\"IH Wroc\u0142aw\",\"description\":\"\",\"potentialAction\":[{\"@type\":\"SearchAction\",\"target\":{\"@type\":\"EntryPoint\",\"urlTemplate\":\"https:\/\/www.ih.com.pl\/wroclaw\/?s={search_term_string}\"},\"query-input\":{\"@type\":\"PropertyValueSpecification\",\"valueRequired\":true,\"valueName\":\"search_term_string\"}}],\"inLanguage\":\"pl-PL\"},{\"@type\":\"Person\",\"@id\":\"https:\/\/www.ih.com.pl\/wroclaw\/#\/schema\/person\/9e106cb64c03442c416adbb9ffd1a8db\",\"name\":\"Agnieszka Jarzyna\",\"image\":{\"@type\":\"ImageObject\",\"inLanguage\":\"pl-PL\",\"@id\":\"https:\/\/www.ih.com.pl\/wroclaw\/#\/schema\/person\/image\/\",\"url\":\"https:\/\/secure.gravatar.com\/avatar\/07e8274e2ff13a59014f67c2c87200459fb48e7ce8ab9b00dbf117f945f5e9b7?s=96&d=mm&r=g\",\"contentUrl\":\"https:\/\/secure.gravatar.com\/avatar\/07e8274e2ff13a59014f67c2c87200459fb48e7ce8ab9b00dbf117f945f5e9b7?s=96&d=mm&r=g\",\"caption\":\"Agnieszka Jarzyna\"},\"url\":\"https:\/\/www.ih.com.pl\/wroclaw\/author\/agnieszkajarzyna\/\"}]}<\/script>\n<!-- \/ Yoast SEO plugin. -->","yoast_head_json":{"title":"Wolne miejsca w grupach! - IH Wroc\u0142aw","robots":{"index":"index","follow":"follow","max-snippet":"max-snippet:-1","max-image-preview":"max-image-preview:large","max-video-preview":"max-video-preview:-1"},"canonical":"https:\/\/www.ih.com.pl\/wroclaw\/wolne-miejsca-w-grupach\/","og_locale":"pl_PL","og_type":"article","og_title":"Wolne miejsca w grupach! - IH Wroc\u0142aw","og_description":"Mamy jeszcze wolne miejsca w grupach: Dzieci i m\u0142odzie\u017c Pumas (5 latki) wtorek \u2013 czwartek 17.15 \u2013 18.15 Pre-Starters\u00a0 poniedzia\u0142ek [&hellip;]","og_url":"https:\/\/www.ih.com.pl\/wroclaw\/wolne-miejsca-w-grupach\/","og_site_name":"IH Wroc\u0142aw","article_published_time":"2021-10-08T12:19:44+00:00","article_modified_time":"2021-12-07T14:53:53+00:00","og_image":[{"width":1200,"height":800,"url":"https:\/\/www.ih.com.pl\/wroclaw\/wp-content\/uploads\/sites\/3\/2021\/10\/image-from-rawpixel-id-450168-jpeg.jpg","type":"image\/jpeg"}],"author":"Agnieszka Jarzyna","twitter_card":"summary_large_image","twitter_misc":{"Napisane przez":"Agnieszka Jarzyna","Szacowany czas czytania":"1 minuta"},"schema":{"@context":"https:\/\/schema.org","@graph":[{"@type":"Article","@id":"https:\/\/www.ih.com.pl\/wroclaw\/wolne-miejsca-w-grupach\/#article","isPartOf":{"@id":"https:\/\/www.ih.com.pl\/wroclaw\/wolne-miejsca-w-grupach\/"},"author":{"name":"Agnieszka Jarzyna","@id":"https:\/\/www.ih.com.pl\/wroclaw\/#\/schema\/person\/9e106cb64c03442c416adbb9ffd1a8db"},"headline":"Wolne miejsca w grupach!","datePublished":"2021-10-08T12:19:44+00:00","dateModified":"2021-12-07T14:53:53+00:00","mainEntityOfPage":{"@id":"https:\/\/www.ih.com.pl\/wroclaw\/wolne-miejsca-w-grupach\/"},"wordCount":106,"image":{"@id":"https:\/\/www.ih.com.pl\/wroclaw\/wolne-miejsca-w-grupach\/#primaryimage"},"thumbnailUrl":"https:\/\/www.ih.com.pl\/wroclaw\/wp-content\/uploads\/sites\/3\/2021\/10\/image-from-rawpixel-id-450168-jpeg.jpg","inLanguage":"pl-PL"},{"@type":"WebPage","@id":"https:\/\/www.ih.com.pl\/wroclaw\/wolne-miejsca-w-grupach\/","url":"https:\/\/www.ih.com.pl\/wroclaw\/wolne-miejsca-w-grupach\/","name":"Wolne miejsca w grupach! - IH Wroc\u0142aw","isPartOf":{"@id":"https:\/\/www.ih.com.pl\/wroclaw\/#website"},"primaryImageOfPage":{"@id":"https:\/\/www.ih.com.pl\/wroclaw\/wolne-miejsca-w-grupach\/#primaryimage"},"image":{"@id":"https:\/\/www.ih.com.pl\/wroclaw\/wolne-miejsca-w-grupach\/#primaryimage"},"thumbnailUrl":"https:\/\/www.ih.com.pl\/wroclaw\/wp-content\/uploads\/sites\/3\/2021\/10\/image-from-rawpixel-id-450168-jpeg.jpg","datePublished":"2021-10-08T12:19:44+00:00","dateModified":"2021-12-07T14:53:53+00:00","author":{"@id":"https:\/\/www.ih.com.pl\/wroclaw\/#\/schema\/person\/9e106cb64c03442c416adbb9ffd1a8db"},"breadcrumb":{"@id":"https:\/\/www.ih.com.pl\/wroclaw\/wolne-miejsca-w-grupach\/#breadcrumb"},"inLanguage":"pl-PL","potentialAction":[{"@type":"ReadAction","target":["https:\/\/www.ih.com.pl\/wroclaw\/wolne-miejsca-w-grupach\/"]}]},{"@type":"ImageObject","inLanguage":"pl-PL","@id":"https:\/\/www.ih.com.pl\/wroclaw\/wolne-miejsca-w-grupach\/#primaryimage","url":"https:\/\/www.ih.com.pl\/wroclaw\/wp-content\/uploads\/sites\/3\/2021\/10\/image-from-rawpixel-id-450168-jpeg.jpg","contentUrl":"https:\/\/www.ih.com.pl\/wroclaw\/wp-content\/uploads\/sites\/3\/2021\/10\/image-from-rawpixel-id-450168-jpeg.jpg","width":1200,"height":800,"caption":"People with happy emotion emoticon icon illustration"},{"@type":"BreadcrumbList","@id":"https:\/\/www.ih.com.pl\/wroclaw\/wolne-miejsca-w-grupach\/#breadcrumb","itemListElement":[{"@type":"ListItem","position":1,"name":"Strona g\u0142\u00f3wna","item":"https:\/\/www.ih.com.pl\/wroclaw\/"},{"@type":"ListItem","position":2,"name":"Wolne miejsca w grupach!"}]},{"@type":"WebSite","@id":"https:\/\/www.ih.com.pl\/wroclaw\/#website","url":"https:\/\/www.ih.com.pl\/wroclaw\/","name":"IH Wroc\u0142aw","description":"","potentialAction":[{"@type":"SearchAction","target":{"@type":"EntryPoint","urlTemplate":"https:\/\/www.ih.com.pl\/wroclaw\/?s={search_term_string}"},"query-input":{"@type":"PropertyValueSpecification","valueRequired":true,"valueName":"search_term_string"}}],"inLanguage":"pl-PL"},{"@type":"Person","@id":"https:\/\/www.ih.com.pl\/wroclaw\/#\/schema\/person\/9e106cb64c03442c416adbb9ffd1a8db","name":"Agnieszka Jarzyna","image":{"@type":"ImageObject","inLanguage":"pl-PL","@id":"https:\/\/www.ih.com.pl\/wroclaw\/#\/schema\/person\/image\/","url":"https:\/\/secure.gravatar.com\/avatar\/07e8274e2ff13a59014f67c2c87200459fb48e7ce8ab9b00dbf117f945f5e9b7?s=96&d=mm&r=g","contentUrl":"https:\/\/secure.gravatar.com\/avatar\/07e8274e2ff13a59014f67c2c87200459fb48e7ce8ab9b00dbf117f945f5e9b7?s=96&d=mm&r=g","caption":"Agnieszka Jarzyna"},"url":"https:\/\/www.ih.com.pl\/wroclaw\/author\/agnieszkajarzyna\/"}]}},"_links":{"self":[{"href":"https:\/\/www.ih.com.pl\/wroclaw\/wp-json\/wp\/v2\/posts\/1883","targetHints":{"allow":["GET"]}}],"collection":[{"href":"https:\/\/www.ih.com.pl\/wroclaw\/wp-json\/wp\/v2\/posts"}],"about":[{"href":"https:\/\/www.ih.com.pl\/wroclaw\/wp-json\/wp\/v2\/types\/post"}],"author":[{"embeddable":true,"href":"https:\/\/www.ih.com.pl\/wroclaw\/wp-json\/wp\/v2\/users\/3"}],"replies":[{"embeddable":true,"href":"https:\/\/www.ih.com.pl\/wroclaw\/wp-json\/wp\/v2\/comments?post=1883"}],"version-history":[{"count":6,"href":"https:\/\/www.ih.com.pl\/wroclaw\/wp-json\/wp\/v2\/posts\/1883\/revisions"}],"predecessor-version":[{"id":1965,"href":"https:\/\/www.ih.com.pl\/wroclaw\/wp-json\/wp\/v2\/posts\/1883\/revisions\/1965"}],"wp:featuredmedia":[{"embeddable":true,"href":"https:\/\/www.ih.com.pl\/wroclaw\/wp-json\/wp\/v2\/media\/1884"}],"wp:attachment":[{"href":"https:\/\/www.ih.com.pl\/wroclaw\/wp-json\/wp\/v2\/media?parent=1883"}],"wp:term":[{"taxonomy":"category","embeddable":true,"href":"https:\/\/www.ih.com.pl\/wroclaw\/wp-json\/wp\/v2\/categories?post=1883"},{"taxonomy":"post_tag","embeddable":true,"href":"https:\/\/www.ih.com.pl\/wroclaw\/wp-json\/wp\/v2\/tags?post=1883"}],"curies":[{"name":"wp","href":"https:\/\/api.w.org\/{rel}","templated":true}]}}