{"id":302,"date":"2020-01-24T13:01:10","date_gmt":"2020-01-24T12:01:10","guid":{"rendered":"https:\/\/ih.wizjanet.pl\/wroclaw\/?p=302"},"modified":"2020-02-13T13:37:06","modified_gmt":"2020-02-13T12:37:06","slug":"spotkania-z-rodzicami","status":"publish","type":"post","link":"https:\/\/www.ih.com.pl\/wroclaw\/spotkania-z-rodzicami\/","title":{"rendered":"SPOTKANIA Z RODZICAMI"},"content":{"rendered":"<p>We wtorek 4 lutego zaj\u0119cia grupowe nie odbywaj\u0105 si\u0119. W tym dniu zaplanowali\u015bmy spotkania z rodzicami podsumowuj\u0105ce pierwszy semestr nauki. Wywiad\u00f3wki b\u0119d\u0105 mia\u0142y tradycyjnie form\u0119 indywidualnej rozmowy z nauczycielem. Plan spotka\u0144 mo\u017cna znale\u017a\u0107 TUTAJ, ale je\u015bli nie mog\u0105 Pa\u0144stwo zobaczy\u0107 si\u0119 z nami w wyznaczonym przedziale czasowym, prosimy o kontakt z biurem i ustalenie innej godziny. Do zobaczenia!<\/p>\n","protected":false},"excerpt":{"rendered":"<p>We wtorek 4 lutego zaj\u0119cia grupowe nie odbywaj\u0105 si\u0119. W tym dniu zaplanowali\u015bmy spotkania z rodzicami podsumowuj\u0105ce pierwszy semestr nauki. [&hellip;]<\/p>\n","protected":false},"author":3,"featured_media":303,"comment_status":"open","ping_status":"open","sticky":false,"template":"","format":"standard","meta":{"footnotes":""},"categories":[1],"tags":[],"class_list":["post-302","post","type-post","status-publish","format-standard","has-post-thumbnail","hentry","category-bez-kategorii"],"yoast_head":"<!-- This site is optimized with the Yoast SEO plugin v26.8 - https:\/\/yoast.com\/product\/yoast-seo-wordpress\/ -->\n<title>SPOTKANIA Z RODZICAMI - IH Wroc\u0142aw<\/title>\n<meta name=\"robots\" content=\"index, follow, max-snippet:-1, max-image-preview:large, max-video-preview:-1\" \/>\n<link rel=\"canonical\" href=\"https:\/\/www.ih.com.pl\/wroclaw\/spotkania-z-rodzicami\/\" \/>\n<meta property=\"og:locale\" content=\"pl_PL\" \/>\n<meta property=\"og:type\" content=\"article\" \/>\n<meta property=\"og:title\" content=\"SPOTKANIA Z RODZICAMI - IH Wroc\u0142aw\" \/>\n<meta property=\"og:description\" content=\"We wtorek 4 lutego zaj\u0119cia grupowe nie odbywaj\u0105 si\u0119. W tym dniu zaplanowali\u015bmy spotkania z rodzicami podsumowuj\u0105ce pierwszy semestr nauki. [&hellip;]\" \/>\n<meta property=\"og:url\" content=\"https:\/\/www.ih.com.pl\/wroclaw\/spotkania-z-rodzicami\/\" \/>\n<meta property=\"og:site_name\" content=\"IH Wroc\u0142aw\" \/>\n<meta property=\"article:published_time\" content=\"2020-01-24T12:01:10+00:00\" \/>\n<meta property=\"article:modified_time\" content=\"2020-02-13T12:37:06+00:00\" \/>\n<meta property=\"og:image\" content=\"https:\/\/www.ih.com.pl\/wroclaw\/wp-content\/uploads\/sites\/3\/2020\/01\/zebrania-z-rodzicami.jpg\" \/>\n\t<meta property=\"og:image:width\" content=\"743\" \/>\n\t<meta property=\"og:image:height\" content=\"556\" \/>\n\t<meta property=\"og:image:type\" content=\"image\/jpeg\" \/>\n<meta name=\"author\" content=\"Agnieszka Jarzyna\" \/>\n<meta name=\"twitter:card\" content=\"summary_large_image\" \/>\n<meta name=\"twitter:label1\" content=\"Napisane przez\" \/>\n\t<meta name=\"twitter:data1\" content=\"Agnieszka Jarzyna\" \/>\n<script type=\"application\/ld+json\" class=\"yoast-schema-graph\">{\"@context\":\"https:\/\/schema.org\",\"@graph\":[{\"@type\":\"Article\",\"@id\":\"https:\/\/www.ih.com.pl\/wroclaw\/spotkania-z-rodzicami\/#article\",\"isPartOf\":{\"@id\":\"https:\/\/www.ih.com.pl\/wroclaw\/spotkania-z-rodzicami\/\"},\"author\":{\"name\":\"Agnieszka Jarzyna\",\"@id\":\"https:\/\/www.ih.com.pl\/wroclaw\/#\/schema\/person\/9e106cb64c03442c416adbb9ffd1a8db\"},\"headline\":\"SPOTKANIA Z RODZICAMI\",\"datePublished\":\"2020-01-24T12:01:10+00:00\",\"dateModified\":\"2020-02-13T12:37:06+00:00\",\"mainEntityOfPage\":{\"@id\":\"https:\/\/www.ih.com.pl\/wroclaw\/spotkania-z-rodzicami\/\"},\"wordCount\":69,\"commentCount\":0,\"image\":{\"@id\":\"https:\/\/www.ih.com.pl\/wroclaw\/spotkania-z-rodzicami\/#primaryimage\"},\"thumbnailUrl\":\"https:\/\/www.ih.com.pl\/wroclaw\/wp-content\/uploads\/sites\/3\/2020\/01\/zebrania-z-rodzicami.jpg\",\"inLanguage\":\"pl-PL\",\"potentialAction\":[{\"@type\":\"CommentAction\",\"name\":\"Comment\",\"target\":[\"https:\/\/www.ih.com.pl\/wroclaw\/spotkania-z-rodzicami\/#respond\"]}]},{\"@type\":\"WebPage\",\"@id\":\"https:\/\/www.ih.com.pl\/wroclaw\/spotkania-z-rodzicami\/\",\"url\":\"https:\/\/www.ih.com.pl\/wroclaw\/spotkania-z-rodzicami\/\",\"name\":\"SPOTKANIA Z RODZICAMI - IH Wroc\u0142aw\",\"isPartOf\":{\"@id\":\"https:\/\/www.ih.com.pl\/wroclaw\/#website\"},\"primaryImageOfPage\":{\"@id\":\"https:\/\/www.ih.com.pl\/wroclaw\/spotkania-z-rodzicami\/#primaryimage\"},\"image\":{\"@id\":\"https:\/\/www.ih.com.pl\/wroclaw\/spotkania-z-rodzicami\/#primaryimage\"},\"thumbnailUrl\":\"https:\/\/www.ih.com.pl\/wroclaw\/wp-content\/uploads\/sites\/3\/2020\/01\/zebrania-z-rodzicami.jpg\",\"datePublished\":\"2020-01-24T12:01:10+00:00\",\"dateModified\":\"2020-02-13T12:37:06+00:00\",\"author\":{\"@id\":\"https:\/\/www.ih.com.pl\/wroclaw\/#\/schema\/person\/9e106cb64c03442c416adbb9ffd1a8db\"},\"breadcrumb\":{\"@id\":\"https:\/\/www.ih.com.pl\/wroclaw\/spotkania-z-rodzicami\/#breadcrumb\"},\"inLanguage\":\"pl-PL\",\"potentialAction\":[{\"@type\":\"ReadAction\",\"target\":[\"https:\/\/www.ih.com.pl\/wroclaw\/spotkania-z-rodzicami\/\"]}]},{\"@type\":\"ImageObject\",\"inLanguage\":\"pl-PL\",\"@id\":\"https:\/\/www.ih.com.pl\/wroclaw\/spotkania-z-rodzicami\/#primaryimage\",\"url\":\"https:\/\/www.ih.com.pl\/wroclaw\/wp-content\/uploads\/sites\/3\/2020\/01\/zebrania-z-rodzicami.jpg\",\"contentUrl\":\"https:\/\/www.ih.com.pl\/wroclaw\/wp-content\/uploads\/sites\/3\/2020\/01\/zebrania-z-rodzicami.jpg\",\"width\":743,\"height\":556},{\"@type\":\"BreadcrumbList\",\"@id\":\"https:\/\/www.ih.com.pl\/wroclaw\/spotkania-z-rodzicami\/#breadcrumb\",\"itemListElement\":[{\"@type\":\"ListItem\",\"position\":1,\"name\":\"Strona g\u0142\u00f3wna\",\"item\":\"https:\/\/www.ih.com.pl\/wroclaw\/\"},{\"@type\":\"ListItem\",\"position\":2,\"name\":\"SPOTKANIA Z RODZICAMI\"}]},{\"@type\":\"WebSite\",\"@id\":\"https:\/\/www.ih.com.pl\/wroclaw\/#website\",\"url\":\"https:\/\/www.ih.com.pl\/wroclaw\/\",\"name\":\"IH Wroc\u0142aw\",\"description\":\"\",\"potentialAction\":[{\"@type\":\"SearchAction\",\"target\":{\"@type\":\"EntryPoint\",\"urlTemplate\":\"https:\/\/www.ih.com.pl\/wroclaw\/?s={search_term_string}\"},\"query-input\":{\"@type\":\"PropertyValueSpecification\",\"valueRequired\":true,\"valueName\":\"search_term_string\"}}],\"inLanguage\":\"pl-PL\"},{\"@type\":\"Person\",\"@id\":\"https:\/\/www.ih.com.pl\/wroclaw\/#\/schema\/person\/9e106cb64c03442c416adbb9ffd1a8db\",\"name\":\"Agnieszka Jarzyna\",\"image\":{\"@type\":\"ImageObject\",\"inLanguage\":\"pl-PL\",\"@id\":\"https:\/\/www.ih.com.pl\/wroclaw\/#\/schema\/person\/image\/\",\"url\":\"https:\/\/secure.gravatar.com\/avatar\/07e8274e2ff13a59014f67c2c87200459fb48e7ce8ab9b00dbf117f945f5e9b7?s=96&d=mm&r=g\",\"contentUrl\":\"https:\/\/secure.gravatar.com\/avatar\/07e8274e2ff13a59014f67c2c87200459fb48e7ce8ab9b00dbf117f945f5e9b7?s=96&d=mm&r=g\",\"caption\":\"Agnieszka Jarzyna\"},\"url\":\"https:\/\/www.ih.com.pl\/wroclaw\/author\/agnieszkajarzyna\/\"}]}<\/script>\n<!-- \/ Yoast SEO plugin. -->","yoast_head_json":{"title":"SPOTKANIA Z RODZICAMI - IH Wroc\u0142aw","robots":{"index":"index","follow":"follow","max-snippet":"max-snippet:-1","max-image-preview":"max-image-preview:large","max-video-preview":"max-video-preview:-1"},"canonical":"https:\/\/www.ih.com.pl\/wroclaw\/spotkania-z-rodzicami\/","og_locale":"pl_PL","og_type":"article","og_title":"SPOTKANIA Z RODZICAMI - IH Wroc\u0142aw","og_description":"We wtorek 4 lutego zaj\u0119cia grupowe nie odbywaj\u0105 si\u0119. W tym dniu zaplanowali\u015bmy spotkania z rodzicami podsumowuj\u0105ce pierwszy semestr nauki. [&hellip;]","og_url":"https:\/\/www.ih.com.pl\/wroclaw\/spotkania-z-rodzicami\/","og_site_name":"IH Wroc\u0142aw","article_published_time":"2020-01-24T12:01:10+00:00","article_modified_time":"2020-02-13T12:37:06+00:00","og_image":[{"width":743,"height":556,"url":"https:\/\/www.ih.com.pl\/wroclaw\/wp-content\/uploads\/sites\/3\/2020\/01\/zebrania-z-rodzicami.jpg","type":"image\/jpeg"}],"author":"Agnieszka Jarzyna","twitter_card":"summary_large_image","twitter_misc":{"Napisane przez":"Agnieszka Jarzyna"},"schema":{"@context":"https:\/\/schema.org","@graph":[{"@type":"Article","@id":"https:\/\/www.ih.com.pl\/wroclaw\/spotkania-z-rodzicami\/#article","isPartOf":{"@id":"https:\/\/www.ih.com.pl\/wroclaw\/spotkania-z-rodzicami\/"},"author":{"name":"Agnieszka Jarzyna","@id":"https:\/\/www.ih.com.pl\/wroclaw\/#\/schema\/person\/9e106cb64c03442c416adbb9ffd1a8db"},"headline":"SPOTKANIA Z RODZICAMI","datePublished":"2020-01-24T12:01:10+00:00","dateModified":"2020-02-13T12:37:06+00:00","mainEntityOfPage":{"@id":"https:\/\/www.ih.com.pl\/wroclaw\/spotkania-z-rodzicami\/"},"wordCount":69,"commentCount":0,"image":{"@id":"https:\/\/www.ih.com.pl\/wroclaw\/spotkania-z-rodzicami\/#primaryimage"},"thumbnailUrl":"https:\/\/www.ih.com.pl\/wroclaw\/wp-content\/uploads\/sites\/3\/2020\/01\/zebrania-z-rodzicami.jpg","inLanguage":"pl-PL","potentialAction":[{"@type":"CommentAction","name":"Comment","target":["https:\/\/www.ih.com.pl\/wroclaw\/spotkania-z-rodzicami\/#respond"]}]},{"@type":"WebPage","@id":"https:\/\/www.ih.com.pl\/wroclaw\/spotkania-z-rodzicami\/","url":"https:\/\/www.ih.com.pl\/wroclaw\/spotkania-z-rodzicami\/","name":"SPOTKANIA Z RODZICAMI - IH Wroc\u0142aw","isPartOf":{"@id":"https:\/\/www.ih.com.pl\/wroclaw\/#website"},"primaryImageOfPage":{"@id":"https:\/\/www.ih.com.pl\/wroclaw\/spotkania-z-rodzicami\/#primaryimage"},"image":{"@id":"https:\/\/www.ih.com.pl\/wroclaw\/spotkania-z-rodzicami\/#primaryimage"},"thumbnailUrl":"https:\/\/www.ih.com.pl\/wroclaw\/wp-content\/uploads\/sites\/3\/2020\/01\/zebrania-z-rodzicami.jpg","datePublished":"2020-01-24T12:01:10+00:00","dateModified":"2020-02-13T12:37:06+00:00","author":{"@id":"https:\/\/www.ih.com.pl\/wroclaw\/#\/schema\/person\/9e106cb64c03442c416adbb9ffd1a8db"},"breadcrumb":{"@id":"https:\/\/www.ih.com.pl\/wroclaw\/spotkania-z-rodzicami\/#breadcrumb"},"inLanguage":"pl-PL","potentialAction":[{"@type":"ReadAction","target":["https:\/\/www.ih.com.pl\/wroclaw\/spotkania-z-rodzicami\/"]}]},{"@type":"ImageObject","inLanguage":"pl-PL","@id":"https:\/\/www.ih.com.pl\/wroclaw\/spotkania-z-rodzicami\/#primaryimage","url":"https:\/\/www.ih.com.pl\/wroclaw\/wp-content\/uploads\/sites\/3\/2020\/01\/zebrania-z-rodzicami.jpg","contentUrl":"https:\/\/www.ih.com.pl\/wroclaw\/wp-content\/uploads\/sites\/3\/2020\/01\/zebrania-z-rodzicami.jpg","width":743,"height":556},{"@type":"BreadcrumbList","@id":"https:\/\/www.ih.com.pl\/wroclaw\/spotkania-z-rodzicami\/#breadcrumb","itemListElement":[{"@type":"ListItem","position":1,"name":"Strona g\u0142\u00f3wna","item":"https:\/\/www.ih.com.pl\/wroclaw\/"},{"@type":"ListItem","position":2,"name":"SPOTKANIA Z RODZICAMI"}]},{"@type":"WebSite","@id":"https:\/\/www.ih.com.pl\/wroclaw\/#website","url":"https:\/\/www.ih.com.pl\/wroclaw\/","name":"IH Wroc\u0142aw","description":"","potentialAction":[{"@type":"SearchAction","target":{"@type":"EntryPoint","urlTemplate":"https:\/\/www.ih.com.pl\/wroclaw\/?s={search_term_string}"},"query-input":{"@type":"PropertyValueSpecification","valueRequired":true,"valueName":"search_term_string"}}],"inLanguage":"pl-PL"},{"@type":"Person","@id":"https:\/\/www.ih.com.pl\/wroclaw\/#\/schema\/person\/9e106cb64c03442c416adbb9ffd1a8db","name":"Agnieszka Jarzyna","image":{"@type":"ImageObject","inLanguage":"pl-PL","@id":"https:\/\/www.ih.com.pl\/wroclaw\/#\/schema\/person\/image\/","url":"https:\/\/secure.gravatar.com\/avatar\/07e8274e2ff13a59014f67c2c87200459fb48e7ce8ab9b00dbf117f945f5e9b7?s=96&d=mm&r=g","contentUrl":"https:\/\/secure.gravatar.com\/avatar\/07e8274e2ff13a59014f67c2c87200459fb48e7ce8ab9b00dbf117f945f5e9b7?s=96&d=mm&r=g","caption":"Agnieszka Jarzyna"},"url":"https:\/\/www.ih.com.pl\/wroclaw\/author\/agnieszkajarzyna\/"}]}},"_links":{"self":[{"href":"https:\/\/www.ih.com.pl\/wroclaw\/wp-json\/wp\/v2\/posts\/302","targetHints":{"allow":["GET"]}}],"collection":[{"href":"https:\/\/www.ih.com.pl\/wroclaw\/wp-json\/wp\/v2\/posts"}],"about":[{"href":"https:\/\/www.ih.com.pl\/wroclaw\/wp-json\/wp\/v2\/types\/post"}],"author":[{"embeddable":true,"href":"https:\/\/www.ih.com.pl\/wroclaw\/wp-json\/wp\/v2\/users\/3"}],"replies":[{"embeddable":true,"href":"https:\/\/www.ih.com.pl\/wroclaw\/wp-json\/wp\/v2\/comments?post=302"}],"version-history":[{"count":1,"href":"https:\/\/www.ih.com.pl\/wroclaw\/wp-json\/wp\/v2\/posts\/302\/revisions"}],"predecessor-version":[{"id":304,"href":"https:\/\/www.ih.com.pl\/wroclaw\/wp-json\/wp\/v2\/posts\/302\/revisions\/304"}],"wp:featuredmedia":[{"embeddable":true,"href":"https:\/\/www.ih.com.pl\/wroclaw\/wp-json\/wp\/v2\/media\/303"}],"wp:attachment":[{"href":"https:\/\/www.ih.com.pl\/wroclaw\/wp-json\/wp\/v2\/media?parent=302"}],"wp:term":[{"taxonomy":"category","embeddable":true,"href":"https:\/\/www.ih.com.pl\/wroclaw\/wp-json\/wp\/v2\/categories?post=302"},{"taxonomy":"post_tag","embeddable":true,"href":"https:\/\/www.ih.com.pl\/wroclaw\/wp-json\/wp\/v2\/tags?post=302"}],"curies":[{"name":"wp","href":"https:\/\/api.w.org\/{rel}","templated":true}]}}