{"id":3608,"date":"2025-12-11T13:32:44","date_gmt":"2025-12-11T12:32:44","guid":{"rendered":"https:\/\/www.ih.com.pl\/wroclaw\/?p=3608"},"modified":"2026-01-07T16:20:42","modified_gmt":"2026-01-07T15:20:42","slug":"przerwa-swiateczno-noworoczna","status":"publish","type":"post","link":"https:\/\/www.ih.com.pl\/wroclaw\/przerwa-swiateczno-noworoczna\/","title":{"rendered":"Przerwa \u015awi\u0105teczna"},"content":{"rendered":"<div>\n<p>Przerwa w IH trwa od poniedzia\u0142ku 22 grudnia do wtorku\u00a0 6 stycznia. W tym czasie zaj\u0119cia nie odbywaj\u0105 si\u0119 i biuro szko\u0142y jest zamkni\u0119te. Zapraszamy ponownie od \u015brody 7 stycznia. \u017byczymy spokojnych \u015bwi\u0105t, udanego Sylwestra i wszelkiej pomy\u015blno\u015bci w Nowym Roku. Udanego wypoczynku!<\/p>\n<\/div>\n","protected":false},"excerpt":{"rendered":"<p>Przerwa w IH trwa od poniedzia\u0142ku 22 grudnia do wtorku\u00a0 6 stycznia. W tym czasie zaj\u0119cia nie odbywaj\u0105 si\u0119 i [&hellip;]<\/p>\n","protected":false},"author":3,"featured_media":5873,"comment_status":"closed","ping_status":"closed","sticky":false,"template":"","format":"standard","meta":{"footnotes":""},"categories":[1],"tags":[],"class_list":["post-3608","post","type-post","status-publish","format-standard","has-post-thumbnail","hentry","category-bez-kategorii"],"yoast_head":"<!-- This site is optimized with the Yoast SEO plugin v26.8 - https:\/\/yoast.com\/product\/yoast-seo-wordpress\/ -->\n<title>Przerwa \u015awi\u0105teczna - IH Wroc\u0142aw<\/title>\n<meta name=\"description\" content=\"Przerwa w IH trwa od pi\u0105tku 22 grudnia do wtorku 2 stycznia. W tym czasie zaj\u0119cia nie odbywaj\u0105 si\u0119 i biuro szko\u0142y jest zamkni\u0119te. Zapraszamy ponownie od \u015brody 3 stycznia. \u017byczymy spokojnych \u015bwi\u0105t, udanego Sylwestra i wszelkiej pomy\u015blno\u015bci w Nowym Roku. Udanego wypoczynku!\" \/>\n<meta name=\"robots\" content=\"index, follow, max-snippet:-1, max-image-preview:large, max-video-preview:-1\" \/>\n<link rel=\"canonical\" href=\"https:\/\/www.ih.com.pl\/wroclaw\/przerwa-swiateczno-noworoczna\/\" \/>\n<meta property=\"og:locale\" content=\"pl_PL\" \/>\n<meta property=\"og:type\" content=\"article\" \/>\n<meta property=\"og:title\" content=\"Przerwa \u015awi\u0105teczna - IH Wroc\u0142aw\" \/>\n<meta property=\"og:description\" content=\"Przerwa w IH trwa od pi\u0105tku 22 grudnia do wtorku 2 stycznia. W tym czasie zaj\u0119cia nie odbywaj\u0105 si\u0119 i biuro szko\u0142y jest zamkni\u0119te. Zapraszamy ponownie od \u015brody 3 stycznia. \u017byczymy spokojnych \u015bwi\u0105t, udanego Sylwestra i wszelkiej pomy\u015blno\u015bci w Nowym Roku. Udanego wypoczynku!\" \/>\n<meta property=\"og:url\" content=\"https:\/\/www.ih.com.pl\/wroclaw\/przerwa-swiateczno-noworoczna\/\" \/>\n<meta property=\"og:site_name\" content=\"IH Wroc\u0142aw\" \/>\n<meta property=\"article:published_time\" content=\"2025-12-11T12:32:44+00:00\" \/>\n<meta property=\"article:modified_time\" content=\"2026-01-07T15:20:42+00:00\" \/>\n<meta property=\"og:image\" content=\"https:\/\/www.ih.com.pl\/wroclaw\/wp-content\/uploads\/sites\/3\/2025\/12\/Przerwa-\u015bwiateczna-\u2013-www.png\" \/>\n\t<meta property=\"og:image:width\" content=\"1080\" \/>\n\t<meta property=\"og:image:height\" content=\"1080\" \/>\n\t<meta property=\"og:image:type\" content=\"image\/png\" \/>\n<meta name=\"author\" content=\"Agnieszka Jarzyna\" \/>\n<meta name=\"twitter:card\" content=\"summary_large_image\" \/>\n<meta name=\"twitter:label1\" content=\"Napisane przez\" \/>\n\t<meta name=\"twitter:data1\" content=\"Agnieszka Jarzyna\" \/>\n<script type=\"application\/ld+json\" class=\"yoast-schema-graph\">{\"@context\":\"https:\/\/schema.org\",\"@graph\":[{\"@type\":\"Article\",\"@id\":\"https:\/\/www.ih.com.pl\/wroclaw\/przerwa-swiateczno-noworoczna\/#article\",\"isPartOf\":{\"@id\":\"https:\/\/www.ih.com.pl\/wroclaw\/przerwa-swiateczno-noworoczna\/\"},\"author\":{\"name\":\"Agnieszka Jarzyna\",\"@id\":\"https:\/\/www.ih.com.pl\/wroclaw\/#\/schema\/person\/9e106cb64c03442c416adbb9ffd1a8db\"},\"headline\":\"Przerwa \u015awi\u0105teczna\",\"datePublished\":\"2025-12-11T12:32:44+00:00\",\"dateModified\":\"2026-01-07T15:20:42+00:00\",\"mainEntityOfPage\":{\"@id\":\"https:\/\/www.ih.com.pl\/wroclaw\/przerwa-swiateczno-noworoczna\/\"},\"wordCount\":50,\"image\":{\"@id\":\"https:\/\/www.ih.com.pl\/wroclaw\/przerwa-swiateczno-noworoczna\/#primaryimage\"},\"thumbnailUrl\":\"https:\/\/www.ih.com.pl\/wroclaw\/wp-content\/uploads\/sites\/3\/2025\/12\/Przerwa-\u015bwiateczna-\u2013-www.png\",\"inLanguage\":\"pl-PL\"},{\"@type\":\"WebPage\",\"@id\":\"https:\/\/www.ih.com.pl\/wroclaw\/przerwa-swiateczno-noworoczna\/\",\"url\":\"https:\/\/www.ih.com.pl\/wroclaw\/przerwa-swiateczno-noworoczna\/\",\"name\":\"Przerwa \u015awi\u0105teczna - IH Wroc\u0142aw\",\"isPartOf\":{\"@id\":\"https:\/\/www.ih.com.pl\/wroclaw\/#website\"},\"primaryImageOfPage\":{\"@id\":\"https:\/\/www.ih.com.pl\/wroclaw\/przerwa-swiateczno-noworoczna\/#primaryimage\"},\"image\":{\"@id\":\"https:\/\/www.ih.com.pl\/wroclaw\/przerwa-swiateczno-noworoczna\/#primaryimage\"},\"thumbnailUrl\":\"https:\/\/www.ih.com.pl\/wroclaw\/wp-content\/uploads\/sites\/3\/2025\/12\/Przerwa-\u015bwiateczna-\u2013-www.png\",\"datePublished\":\"2025-12-11T12:32:44+00:00\",\"dateModified\":\"2026-01-07T15:20:42+00:00\",\"author\":{\"@id\":\"https:\/\/www.ih.com.pl\/wroclaw\/#\/schema\/person\/9e106cb64c03442c416adbb9ffd1a8db\"},\"description\":\"Przerwa w IH trwa od pi\u0105tku 22 grudnia do wtorku 2 stycznia. W tym czasie zaj\u0119cia nie odbywaj\u0105 si\u0119 i biuro szko\u0142y jest zamkni\u0119te. Zapraszamy ponownie od \u015brody 3 stycznia. \u017byczymy spokojnych \u015bwi\u0105t, udanego Sylwestra i wszelkiej pomy\u015blno\u015bci w Nowym Roku. Udanego wypoczynku!\",\"breadcrumb\":{\"@id\":\"https:\/\/www.ih.com.pl\/wroclaw\/przerwa-swiateczno-noworoczna\/#breadcrumb\"},\"inLanguage\":\"pl-PL\",\"potentialAction\":[{\"@type\":\"ReadAction\",\"target\":[\"https:\/\/www.ih.com.pl\/wroclaw\/przerwa-swiateczno-noworoczna\/\"]}]},{\"@type\":\"ImageObject\",\"inLanguage\":\"pl-PL\",\"@id\":\"https:\/\/www.ih.com.pl\/wroclaw\/przerwa-swiateczno-noworoczna\/#primaryimage\",\"url\":\"https:\/\/www.ih.com.pl\/wroclaw\/wp-content\/uploads\/sites\/3\/2025\/12\/Przerwa-\u015bwiateczna-\u2013-www.png\",\"contentUrl\":\"https:\/\/www.ih.com.pl\/wroclaw\/wp-content\/uploads\/sites\/3\/2025\/12\/Przerwa-\u015bwiateczna-\u2013-www.png\",\"width\":1080,\"height\":1080},{\"@type\":\"BreadcrumbList\",\"@id\":\"https:\/\/www.ih.com.pl\/wroclaw\/przerwa-swiateczno-noworoczna\/#breadcrumb\",\"itemListElement\":[{\"@type\":\"ListItem\",\"position\":1,\"name\":\"Strona g\u0142\u00f3wna\",\"item\":\"https:\/\/www.ih.com.pl\/wroclaw\/\"},{\"@type\":\"ListItem\",\"position\":2,\"name\":\"Przerwa \u015awi\u0105teczna\"}]},{\"@type\":\"WebSite\",\"@id\":\"https:\/\/www.ih.com.pl\/wroclaw\/#website\",\"url\":\"https:\/\/www.ih.com.pl\/wroclaw\/\",\"name\":\"IH Wroc\u0142aw\",\"description\":\"\",\"potentialAction\":[{\"@type\":\"SearchAction\",\"target\":{\"@type\":\"EntryPoint\",\"urlTemplate\":\"https:\/\/www.ih.com.pl\/wroclaw\/?s={search_term_string}\"},\"query-input\":{\"@type\":\"PropertyValueSpecification\",\"valueRequired\":true,\"valueName\":\"search_term_string\"}}],\"inLanguage\":\"pl-PL\"},{\"@type\":\"Person\",\"@id\":\"https:\/\/www.ih.com.pl\/wroclaw\/#\/schema\/person\/9e106cb64c03442c416adbb9ffd1a8db\",\"name\":\"Agnieszka Jarzyna\",\"image\":{\"@type\":\"ImageObject\",\"inLanguage\":\"pl-PL\",\"@id\":\"https:\/\/www.ih.com.pl\/wroclaw\/#\/schema\/person\/image\/\",\"url\":\"https:\/\/secure.gravatar.com\/avatar\/07e8274e2ff13a59014f67c2c87200459fb48e7ce8ab9b00dbf117f945f5e9b7?s=96&d=mm&r=g\",\"contentUrl\":\"https:\/\/secure.gravatar.com\/avatar\/07e8274e2ff13a59014f67c2c87200459fb48e7ce8ab9b00dbf117f945f5e9b7?s=96&d=mm&r=g\",\"caption\":\"Agnieszka Jarzyna\"},\"url\":\"https:\/\/www.ih.com.pl\/wroclaw\/author\/agnieszkajarzyna\/\"}]}<\/script>\n<!-- \/ Yoast SEO plugin. -->","yoast_head_json":{"title":"Przerwa \u015awi\u0105teczna - IH Wroc\u0142aw","description":"Przerwa w IH trwa od pi\u0105tku 22 grudnia do wtorku 2 stycznia. W tym czasie zaj\u0119cia nie odbywaj\u0105 si\u0119 i biuro szko\u0142y jest zamkni\u0119te. Zapraszamy ponownie od \u015brody 3 stycznia. \u017byczymy spokojnych \u015bwi\u0105t, udanego Sylwestra i wszelkiej pomy\u015blno\u015bci w Nowym Roku. Udanego wypoczynku!","robots":{"index":"index","follow":"follow","max-snippet":"max-snippet:-1","max-image-preview":"max-image-preview:large","max-video-preview":"max-video-preview:-1"},"canonical":"https:\/\/www.ih.com.pl\/wroclaw\/przerwa-swiateczno-noworoczna\/","og_locale":"pl_PL","og_type":"article","og_title":"Przerwa \u015awi\u0105teczna - IH Wroc\u0142aw","og_description":"Przerwa w IH trwa od pi\u0105tku 22 grudnia do wtorku 2 stycznia. W tym czasie zaj\u0119cia nie odbywaj\u0105 si\u0119 i biuro szko\u0142y jest zamkni\u0119te. Zapraszamy ponownie od \u015brody 3 stycznia. \u017byczymy spokojnych \u015bwi\u0105t, udanego Sylwestra i wszelkiej pomy\u015blno\u015bci w Nowym Roku. Udanego wypoczynku!","og_url":"https:\/\/www.ih.com.pl\/wroclaw\/przerwa-swiateczno-noworoczna\/","og_site_name":"IH Wroc\u0142aw","article_published_time":"2025-12-11T12:32:44+00:00","article_modified_time":"2026-01-07T15:20:42+00:00","og_image":[{"width":1080,"height":1080,"url":"https:\/\/www.ih.com.pl\/wroclaw\/wp-content\/uploads\/sites\/3\/2025\/12\/Przerwa-\u015bwiateczna-\u2013-www.png","type":"image\/png"}],"author":"Agnieszka Jarzyna","twitter_card":"summary_large_image","twitter_misc":{"Napisane przez":"Agnieszka Jarzyna"},"schema":{"@context":"https:\/\/schema.org","@graph":[{"@type":"Article","@id":"https:\/\/www.ih.com.pl\/wroclaw\/przerwa-swiateczno-noworoczna\/#article","isPartOf":{"@id":"https:\/\/www.ih.com.pl\/wroclaw\/przerwa-swiateczno-noworoczna\/"},"author":{"name":"Agnieszka Jarzyna","@id":"https:\/\/www.ih.com.pl\/wroclaw\/#\/schema\/person\/9e106cb64c03442c416adbb9ffd1a8db"},"headline":"Przerwa \u015awi\u0105teczna","datePublished":"2025-12-11T12:32:44+00:00","dateModified":"2026-01-07T15:20:42+00:00","mainEntityOfPage":{"@id":"https:\/\/www.ih.com.pl\/wroclaw\/przerwa-swiateczno-noworoczna\/"},"wordCount":50,"image":{"@id":"https:\/\/www.ih.com.pl\/wroclaw\/przerwa-swiateczno-noworoczna\/#primaryimage"},"thumbnailUrl":"https:\/\/www.ih.com.pl\/wroclaw\/wp-content\/uploads\/sites\/3\/2025\/12\/Przerwa-\u015bwiateczna-\u2013-www.png","inLanguage":"pl-PL"},{"@type":"WebPage","@id":"https:\/\/www.ih.com.pl\/wroclaw\/przerwa-swiateczno-noworoczna\/","url":"https:\/\/www.ih.com.pl\/wroclaw\/przerwa-swiateczno-noworoczna\/","name":"Przerwa \u015awi\u0105teczna - IH Wroc\u0142aw","isPartOf":{"@id":"https:\/\/www.ih.com.pl\/wroclaw\/#website"},"primaryImageOfPage":{"@id":"https:\/\/www.ih.com.pl\/wroclaw\/przerwa-swiateczno-noworoczna\/#primaryimage"},"image":{"@id":"https:\/\/www.ih.com.pl\/wroclaw\/przerwa-swiateczno-noworoczna\/#primaryimage"},"thumbnailUrl":"https:\/\/www.ih.com.pl\/wroclaw\/wp-content\/uploads\/sites\/3\/2025\/12\/Przerwa-\u015bwiateczna-\u2013-www.png","datePublished":"2025-12-11T12:32:44+00:00","dateModified":"2026-01-07T15:20:42+00:00","author":{"@id":"https:\/\/www.ih.com.pl\/wroclaw\/#\/schema\/person\/9e106cb64c03442c416adbb9ffd1a8db"},"description":"Przerwa w IH trwa od pi\u0105tku 22 grudnia do wtorku 2 stycznia. W tym czasie zaj\u0119cia nie odbywaj\u0105 si\u0119 i biuro szko\u0142y jest zamkni\u0119te. Zapraszamy ponownie od \u015brody 3 stycznia. \u017byczymy spokojnych \u015bwi\u0105t, udanego Sylwestra i wszelkiej pomy\u015blno\u015bci w Nowym Roku. Udanego wypoczynku!","breadcrumb":{"@id":"https:\/\/www.ih.com.pl\/wroclaw\/przerwa-swiateczno-noworoczna\/#breadcrumb"},"inLanguage":"pl-PL","potentialAction":[{"@type":"ReadAction","target":["https:\/\/www.ih.com.pl\/wroclaw\/przerwa-swiateczno-noworoczna\/"]}]},{"@type":"ImageObject","inLanguage":"pl-PL","@id":"https:\/\/www.ih.com.pl\/wroclaw\/przerwa-swiateczno-noworoczna\/#primaryimage","url":"https:\/\/www.ih.com.pl\/wroclaw\/wp-content\/uploads\/sites\/3\/2025\/12\/Przerwa-\u015bwiateczna-\u2013-www.png","contentUrl":"https:\/\/www.ih.com.pl\/wroclaw\/wp-content\/uploads\/sites\/3\/2025\/12\/Przerwa-\u015bwiateczna-\u2013-www.png","width":1080,"height":1080},{"@type":"BreadcrumbList","@id":"https:\/\/www.ih.com.pl\/wroclaw\/przerwa-swiateczno-noworoczna\/#breadcrumb","itemListElement":[{"@type":"ListItem","position":1,"name":"Strona g\u0142\u00f3wna","item":"https:\/\/www.ih.com.pl\/wroclaw\/"},{"@type":"ListItem","position":2,"name":"Przerwa \u015awi\u0105teczna"}]},{"@type":"WebSite","@id":"https:\/\/www.ih.com.pl\/wroclaw\/#website","url":"https:\/\/www.ih.com.pl\/wroclaw\/","name":"IH Wroc\u0142aw","description":"","potentialAction":[{"@type":"SearchAction","target":{"@type":"EntryPoint","urlTemplate":"https:\/\/www.ih.com.pl\/wroclaw\/?s={search_term_string}"},"query-input":{"@type":"PropertyValueSpecification","valueRequired":true,"valueName":"search_term_string"}}],"inLanguage":"pl-PL"},{"@type":"Person","@id":"https:\/\/www.ih.com.pl\/wroclaw\/#\/schema\/person\/9e106cb64c03442c416adbb9ffd1a8db","name":"Agnieszka Jarzyna","image":{"@type":"ImageObject","inLanguage":"pl-PL","@id":"https:\/\/www.ih.com.pl\/wroclaw\/#\/schema\/person\/image\/","url":"https:\/\/secure.gravatar.com\/avatar\/07e8274e2ff13a59014f67c2c87200459fb48e7ce8ab9b00dbf117f945f5e9b7?s=96&d=mm&r=g","contentUrl":"https:\/\/secure.gravatar.com\/avatar\/07e8274e2ff13a59014f67c2c87200459fb48e7ce8ab9b00dbf117f945f5e9b7?s=96&d=mm&r=g","caption":"Agnieszka Jarzyna"},"url":"https:\/\/www.ih.com.pl\/wroclaw\/author\/agnieszkajarzyna\/"}]}},"_links":{"self":[{"href":"https:\/\/www.ih.com.pl\/wroclaw\/wp-json\/wp\/v2\/posts\/3608","targetHints":{"allow":["GET"]}}],"collection":[{"href":"https:\/\/www.ih.com.pl\/wroclaw\/wp-json\/wp\/v2\/posts"}],"about":[{"href":"https:\/\/www.ih.com.pl\/wroclaw\/wp-json\/wp\/v2\/types\/post"}],"author":[{"embeddable":true,"href":"https:\/\/www.ih.com.pl\/wroclaw\/wp-json\/wp\/v2\/users\/3"}],"replies":[{"embeddable":true,"href":"https:\/\/www.ih.com.pl\/wroclaw\/wp-json\/wp\/v2\/comments?post=3608"}],"version-history":[{"count":5,"href":"https:\/\/www.ih.com.pl\/wroclaw\/wp-json\/wp\/v2\/posts\/3608\/revisions"}],"predecessor-version":[{"id":5872,"href":"https:\/\/www.ih.com.pl\/wroclaw\/wp-json\/wp\/v2\/posts\/3608\/revisions\/5872"}],"wp:featuredmedia":[{"embeddable":true,"href":"https:\/\/www.ih.com.pl\/wroclaw\/wp-json\/wp\/v2\/media\/5873"}],"wp:attachment":[{"href":"https:\/\/www.ih.com.pl\/wroclaw\/wp-json\/wp\/v2\/media?parent=3608"}],"wp:term":[{"taxonomy":"category","embeddable":true,"href":"https:\/\/www.ih.com.pl\/wroclaw\/wp-json\/wp\/v2\/categories?post=3608"},{"taxonomy":"post_tag","embeddable":true,"href":"https:\/\/www.ih.com.pl\/wroclaw\/wp-json\/wp\/v2\/tags?post=3608"}],"curies":[{"name":"wp","href":"https:\/\/api.w.org\/{rel}","templated":true}]}}