{"id":4541,"date":"2025-01-07T16:31:22","date_gmt":"2025-01-07T15:31:22","guid":{"rendered":"https:\/\/www.ih.com.pl\/wroclaw\/?p=4541"},"modified":"2025-02-11T15:32:55","modified_gmt":"2025-02-11T14:32:55","slug":"zimowe-warsztaty-jezykowe-dla-dzieci-i-mlodziezy","status":"publish","type":"post","link":"https:\/\/www.ih.com.pl\/wroclaw\/zimowe-warsztaty-jezykowe-dla-dzieci-i-mlodziezy\/","title":{"rendered":"Zimowe warsztaty j\u0119zykowe dla dzieci i m\u0142odzie\u017cy"},"content":{"rendered":"<p>Czterodniowe cykle spotka\u0144 opartych o kreatywne zadania i projekty. Mn\u00f3stwo komunikacji i interakcji po angielsku w grupie r\u00f3wie\u015bnik\u00f3w pod kierunkiem naszych nauczycieli. To nie s\u0105 typowe lekcje, to wsp\u00f3lne sp\u0119dzanie czasu po angielsku.<\/p>\n<p>Zaj\u0119cia od poniedzia\u0142ku do czwartku, po dwie godziny lekcyjnie, \u0142\u0105cznie 8 godzin lekcyjnych, kt\u00f3re min\u0105 tak szybko, jak d\u0142uga przerwa! \ud83d\ude42<\/p>\n<p>Terminy: 3 \u2013\u00a0 6 lutego lub 10 \u2013 13 lutego<\/p>\n<p>&nbsp;<\/p>\n<p>Cena: 275z\u0142<\/p>\n<p>Godziny zaj\u0119\u0107: 11:00 \u2013 12:30 dzieci, 12.45 \u2013 14.15 m\u0142odzie\u017c<\/p>\n<p>Aby si\u0119 zapisa\u0107 lub uzyska\u0107 wi\u0119cej informacji, napisz do nas:\u00a0<a href=\"mailto:biurowroc@ih.com.pl\">biurowroc@ih.com.pl\u00a0<\/a><\/p>\n","protected":false},"excerpt":{"rendered":"<p>Czterodniowe cykle spotka\u0144 opartych o kreatywne zadania i projekty. Mn\u00f3stwo komunikacji i interakcji po angielsku w grupie r\u00f3wie\u015bnik\u00f3w pod kierunkiem [&hellip;]<\/p>\n","protected":false},"author":3,"featured_media":4542,"comment_status":"closed","ping_status":"closed","sticky":false,"template":"","format":"standard","meta":{"footnotes":""},"categories":[1],"tags":[],"class_list":["post-4541","post","type-post","status-publish","format-standard","has-post-thumbnail","hentry","category-bez-kategorii"],"yoast_head":"<!-- This site is optimized with the Yoast SEO plugin v26.8 - https:\/\/yoast.com\/product\/yoast-seo-wordpress\/ -->\n<title>Zimowe warsztaty j\u0119zykowe dla dzieci i m\u0142odzie\u017cy - IH Wroc\u0142aw<\/title>\n<meta name=\"robots\" content=\"index, follow, max-snippet:-1, max-image-preview:large, max-video-preview:-1\" \/>\n<link rel=\"canonical\" href=\"https:\/\/www.ih.com.pl\/wroclaw\/zimowe-warsztaty-jezykowe-dla-dzieci-i-mlodziezy\/\" \/>\n<meta property=\"og:locale\" content=\"pl_PL\" \/>\n<meta property=\"og:type\" content=\"article\" \/>\n<meta property=\"og:title\" content=\"Zimowe warsztaty j\u0119zykowe dla dzieci i m\u0142odzie\u017cy - IH Wroc\u0142aw\" \/>\n<meta property=\"og:description\" content=\"Czterodniowe cykle spotka\u0144 opartych o kreatywne zadania i projekty. Mn\u00f3stwo komunikacji i interakcji po angielsku w grupie r\u00f3wie\u015bnik\u00f3w pod kierunkiem [&hellip;]\" \/>\n<meta property=\"og:url\" content=\"https:\/\/www.ih.com.pl\/wroclaw\/zimowe-warsztaty-jezykowe-dla-dzieci-i-mlodziezy\/\" \/>\n<meta property=\"og:site_name\" content=\"IH Wroc\u0142aw\" \/>\n<meta property=\"article:published_time\" content=\"2025-01-07T15:31:22+00:00\" \/>\n<meta property=\"article:modified_time\" content=\"2025-02-11T14:32:55+00:00\" \/>\n<meta property=\"og:image\" content=\"https:\/\/www.ih.com.pl\/wroclaw\/wp-content\/uploads\/sites\/3\/2025\/01\/ih-Wpis-na-Facebooku-1.png\" \/>\n\t<meta property=\"og:image:width\" content=\"940\" \/>\n\t<meta property=\"og:image:height\" content=\"788\" \/>\n\t<meta property=\"og:image:type\" content=\"image\/png\" \/>\n<meta name=\"author\" content=\"Agnieszka Jarzyna\" \/>\n<meta name=\"twitter:card\" content=\"summary_large_image\" \/>\n<meta name=\"twitter:label1\" content=\"Napisane przez\" \/>\n\t<meta name=\"twitter:data1\" content=\"Agnieszka Jarzyna\" \/>\n<script type=\"application\/ld+json\" class=\"yoast-schema-graph\">{\"@context\":\"https:\/\/schema.org\",\"@graph\":[{\"@type\":\"Article\",\"@id\":\"https:\/\/www.ih.com.pl\/wroclaw\/zimowe-warsztaty-jezykowe-dla-dzieci-i-mlodziezy\/#article\",\"isPartOf\":{\"@id\":\"https:\/\/www.ih.com.pl\/wroclaw\/zimowe-warsztaty-jezykowe-dla-dzieci-i-mlodziezy\/\"},\"author\":{\"name\":\"Agnieszka Jarzyna\",\"@id\":\"https:\/\/www.ih.com.pl\/wroclaw\/#\/schema\/person\/9e106cb64c03442c416adbb9ffd1a8db\"},\"headline\":\"Zimowe warsztaty j\u0119zykowe dla dzieci i m\u0142odzie\u017cy\",\"datePublished\":\"2025-01-07T15:31:22+00:00\",\"dateModified\":\"2025-02-11T14:32:55+00:00\",\"mainEntityOfPage\":{\"@id\":\"https:\/\/www.ih.com.pl\/wroclaw\/zimowe-warsztaty-jezykowe-dla-dzieci-i-mlodziezy\/\"},\"wordCount\":99,\"image\":{\"@id\":\"https:\/\/www.ih.com.pl\/wroclaw\/zimowe-warsztaty-jezykowe-dla-dzieci-i-mlodziezy\/#primaryimage\"},\"thumbnailUrl\":\"https:\/\/www.ih.com.pl\/wroclaw\/wp-content\/uploads\/sites\/3\/2025\/01\/ih-Wpis-na-Facebooku-1.png\",\"inLanguage\":\"pl-PL\"},{\"@type\":\"WebPage\",\"@id\":\"https:\/\/www.ih.com.pl\/wroclaw\/zimowe-warsztaty-jezykowe-dla-dzieci-i-mlodziezy\/\",\"url\":\"https:\/\/www.ih.com.pl\/wroclaw\/zimowe-warsztaty-jezykowe-dla-dzieci-i-mlodziezy\/\",\"name\":\"Zimowe warsztaty j\u0119zykowe dla dzieci i m\u0142odzie\u017cy - IH Wroc\u0142aw\",\"isPartOf\":{\"@id\":\"https:\/\/www.ih.com.pl\/wroclaw\/#website\"},\"primaryImageOfPage\":{\"@id\":\"https:\/\/www.ih.com.pl\/wroclaw\/zimowe-warsztaty-jezykowe-dla-dzieci-i-mlodziezy\/#primaryimage\"},\"image\":{\"@id\":\"https:\/\/www.ih.com.pl\/wroclaw\/zimowe-warsztaty-jezykowe-dla-dzieci-i-mlodziezy\/#primaryimage\"},\"thumbnailUrl\":\"https:\/\/www.ih.com.pl\/wroclaw\/wp-content\/uploads\/sites\/3\/2025\/01\/ih-Wpis-na-Facebooku-1.png\",\"datePublished\":\"2025-01-07T15:31:22+00:00\",\"dateModified\":\"2025-02-11T14:32:55+00:00\",\"author\":{\"@id\":\"https:\/\/www.ih.com.pl\/wroclaw\/#\/schema\/person\/9e106cb64c03442c416adbb9ffd1a8db\"},\"breadcrumb\":{\"@id\":\"https:\/\/www.ih.com.pl\/wroclaw\/zimowe-warsztaty-jezykowe-dla-dzieci-i-mlodziezy\/#breadcrumb\"},\"inLanguage\":\"pl-PL\",\"potentialAction\":[{\"@type\":\"ReadAction\",\"target\":[\"https:\/\/www.ih.com.pl\/wroclaw\/zimowe-warsztaty-jezykowe-dla-dzieci-i-mlodziezy\/\"]}]},{\"@type\":\"ImageObject\",\"inLanguage\":\"pl-PL\",\"@id\":\"https:\/\/www.ih.com.pl\/wroclaw\/zimowe-warsztaty-jezykowe-dla-dzieci-i-mlodziezy\/#primaryimage\",\"url\":\"https:\/\/www.ih.com.pl\/wroclaw\/wp-content\/uploads\/sites\/3\/2025\/01\/ih-Wpis-na-Facebooku-1.png\",\"contentUrl\":\"https:\/\/www.ih.com.pl\/wroclaw\/wp-content\/uploads\/sites\/3\/2025\/01\/ih-Wpis-na-Facebooku-1.png\",\"width\":940,\"height\":788},{\"@type\":\"BreadcrumbList\",\"@id\":\"https:\/\/www.ih.com.pl\/wroclaw\/zimowe-warsztaty-jezykowe-dla-dzieci-i-mlodziezy\/#breadcrumb\",\"itemListElement\":[{\"@type\":\"ListItem\",\"position\":1,\"name\":\"Strona g\u0142\u00f3wna\",\"item\":\"https:\/\/www.ih.com.pl\/wroclaw\/\"},{\"@type\":\"ListItem\",\"position\":2,\"name\":\"Zimowe warsztaty j\u0119zykowe dla dzieci i m\u0142odzie\u017cy\"}]},{\"@type\":\"WebSite\",\"@id\":\"https:\/\/www.ih.com.pl\/wroclaw\/#website\",\"url\":\"https:\/\/www.ih.com.pl\/wroclaw\/\",\"name\":\"IH Wroc\u0142aw\",\"description\":\"\",\"potentialAction\":[{\"@type\":\"SearchAction\",\"target\":{\"@type\":\"EntryPoint\",\"urlTemplate\":\"https:\/\/www.ih.com.pl\/wroclaw\/?s={search_term_string}\"},\"query-input\":{\"@type\":\"PropertyValueSpecification\",\"valueRequired\":true,\"valueName\":\"search_term_string\"}}],\"inLanguage\":\"pl-PL\"},{\"@type\":\"Person\",\"@id\":\"https:\/\/www.ih.com.pl\/wroclaw\/#\/schema\/person\/9e106cb64c03442c416adbb9ffd1a8db\",\"name\":\"Agnieszka Jarzyna\",\"image\":{\"@type\":\"ImageObject\",\"inLanguage\":\"pl-PL\",\"@id\":\"https:\/\/www.ih.com.pl\/wroclaw\/#\/schema\/person\/image\/\",\"url\":\"https:\/\/secure.gravatar.com\/avatar\/07e8274e2ff13a59014f67c2c87200459fb48e7ce8ab9b00dbf117f945f5e9b7?s=96&d=mm&r=g\",\"contentUrl\":\"https:\/\/secure.gravatar.com\/avatar\/07e8274e2ff13a59014f67c2c87200459fb48e7ce8ab9b00dbf117f945f5e9b7?s=96&d=mm&r=g\",\"caption\":\"Agnieszka Jarzyna\"},\"url\":\"https:\/\/www.ih.com.pl\/wroclaw\/author\/agnieszkajarzyna\/\"}]}<\/script>\n<!-- \/ Yoast SEO plugin. -->","yoast_head_json":{"title":"Zimowe warsztaty j\u0119zykowe dla dzieci i m\u0142odzie\u017cy - IH Wroc\u0142aw","robots":{"index":"index","follow":"follow","max-snippet":"max-snippet:-1","max-image-preview":"max-image-preview:large","max-video-preview":"max-video-preview:-1"},"canonical":"https:\/\/www.ih.com.pl\/wroclaw\/zimowe-warsztaty-jezykowe-dla-dzieci-i-mlodziezy\/","og_locale":"pl_PL","og_type":"article","og_title":"Zimowe warsztaty j\u0119zykowe dla dzieci i m\u0142odzie\u017cy - IH Wroc\u0142aw","og_description":"Czterodniowe cykle spotka\u0144 opartych o kreatywne zadania i projekty. Mn\u00f3stwo komunikacji i interakcji po angielsku w grupie r\u00f3wie\u015bnik\u00f3w pod kierunkiem [&hellip;]","og_url":"https:\/\/www.ih.com.pl\/wroclaw\/zimowe-warsztaty-jezykowe-dla-dzieci-i-mlodziezy\/","og_site_name":"IH Wroc\u0142aw","article_published_time":"2025-01-07T15:31:22+00:00","article_modified_time":"2025-02-11T14:32:55+00:00","og_image":[{"width":940,"height":788,"url":"https:\/\/www.ih.com.pl\/wroclaw\/wp-content\/uploads\/sites\/3\/2025\/01\/ih-Wpis-na-Facebooku-1.png","type":"image\/png"}],"author":"Agnieszka Jarzyna","twitter_card":"summary_large_image","twitter_misc":{"Napisane przez":"Agnieszka Jarzyna"},"schema":{"@context":"https:\/\/schema.org","@graph":[{"@type":"Article","@id":"https:\/\/www.ih.com.pl\/wroclaw\/zimowe-warsztaty-jezykowe-dla-dzieci-i-mlodziezy\/#article","isPartOf":{"@id":"https:\/\/www.ih.com.pl\/wroclaw\/zimowe-warsztaty-jezykowe-dla-dzieci-i-mlodziezy\/"},"author":{"name":"Agnieszka Jarzyna","@id":"https:\/\/www.ih.com.pl\/wroclaw\/#\/schema\/person\/9e106cb64c03442c416adbb9ffd1a8db"},"headline":"Zimowe warsztaty j\u0119zykowe dla dzieci i m\u0142odzie\u017cy","datePublished":"2025-01-07T15:31:22+00:00","dateModified":"2025-02-11T14:32:55+00:00","mainEntityOfPage":{"@id":"https:\/\/www.ih.com.pl\/wroclaw\/zimowe-warsztaty-jezykowe-dla-dzieci-i-mlodziezy\/"},"wordCount":99,"image":{"@id":"https:\/\/www.ih.com.pl\/wroclaw\/zimowe-warsztaty-jezykowe-dla-dzieci-i-mlodziezy\/#primaryimage"},"thumbnailUrl":"https:\/\/www.ih.com.pl\/wroclaw\/wp-content\/uploads\/sites\/3\/2025\/01\/ih-Wpis-na-Facebooku-1.png","inLanguage":"pl-PL"},{"@type":"WebPage","@id":"https:\/\/www.ih.com.pl\/wroclaw\/zimowe-warsztaty-jezykowe-dla-dzieci-i-mlodziezy\/","url":"https:\/\/www.ih.com.pl\/wroclaw\/zimowe-warsztaty-jezykowe-dla-dzieci-i-mlodziezy\/","name":"Zimowe warsztaty j\u0119zykowe dla dzieci i m\u0142odzie\u017cy - IH Wroc\u0142aw","isPartOf":{"@id":"https:\/\/www.ih.com.pl\/wroclaw\/#website"},"primaryImageOfPage":{"@id":"https:\/\/www.ih.com.pl\/wroclaw\/zimowe-warsztaty-jezykowe-dla-dzieci-i-mlodziezy\/#primaryimage"},"image":{"@id":"https:\/\/www.ih.com.pl\/wroclaw\/zimowe-warsztaty-jezykowe-dla-dzieci-i-mlodziezy\/#primaryimage"},"thumbnailUrl":"https:\/\/www.ih.com.pl\/wroclaw\/wp-content\/uploads\/sites\/3\/2025\/01\/ih-Wpis-na-Facebooku-1.png","datePublished":"2025-01-07T15:31:22+00:00","dateModified":"2025-02-11T14:32:55+00:00","author":{"@id":"https:\/\/www.ih.com.pl\/wroclaw\/#\/schema\/person\/9e106cb64c03442c416adbb9ffd1a8db"},"breadcrumb":{"@id":"https:\/\/www.ih.com.pl\/wroclaw\/zimowe-warsztaty-jezykowe-dla-dzieci-i-mlodziezy\/#breadcrumb"},"inLanguage":"pl-PL","potentialAction":[{"@type":"ReadAction","target":["https:\/\/www.ih.com.pl\/wroclaw\/zimowe-warsztaty-jezykowe-dla-dzieci-i-mlodziezy\/"]}]},{"@type":"ImageObject","inLanguage":"pl-PL","@id":"https:\/\/www.ih.com.pl\/wroclaw\/zimowe-warsztaty-jezykowe-dla-dzieci-i-mlodziezy\/#primaryimage","url":"https:\/\/www.ih.com.pl\/wroclaw\/wp-content\/uploads\/sites\/3\/2025\/01\/ih-Wpis-na-Facebooku-1.png","contentUrl":"https:\/\/www.ih.com.pl\/wroclaw\/wp-content\/uploads\/sites\/3\/2025\/01\/ih-Wpis-na-Facebooku-1.png","width":940,"height":788},{"@type":"BreadcrumbList","@id":"https:\/\/www.ih.com.pl\/wroclaw\/zimowe-warsztaty-jezykowe-dla-dzieci-i-mlodziezy\/#breadcrumb","itemListElement":[{"@type":"ListItem","position":1,"name":"Strona g\u0142\u00f3wna","item":"https:\/\/www.ih.com.pl\/wroclaw\/"},{"@type":"ListItem","position":2,"name":"Zimowe warsztaty j\u0119zykowe dla dzieci i m\u0142odzie\u017cy"}]},{"@type":"WebSite","@id":"https:\/\/www.ih.com.pl\/wroclaw\/#website","url":"https:\/\/www.ih.com.pl\/wroclaw\/","name":"IH Wroc\u0142aw","description":"","potentialAction":[{"@type":"SearchAction","target":{"@type":"EntryPoint","urlTemplate":"https:\/\/www.ih.com.pl\/wroclaw\/?s={search_term_string}"},"query-input":{"@type":"PropertyValueSpecification","valueRequired":true,"valueName":"search_term_string"}}],"inLanguage":"pl-PL"},{"@type":"Person","@id":"https:\/\/www.ih.com.pl\/wroclaw\/#\/schema\/person\/9e106cb64c03442c416adbb9ffd1a8db","name":"Agnieszka Jarzyna","image":{"@type":"ImageObject","inLanguage":"pl-PL","@id":"https:\/\/www.ih.com.pl\/wroclaw\/#\/schema\/person\/image\/","url":"https:\/\/secure.gravatar.com\/avatar\/07e8274e2ff13a59014f67c2c87200459fb48e7ce8ab9b00dbf117f945f5e9b7?s=96&d=mm&r=g","contentUrl":"https:\/\/secure.gravatar.com\/avatar\/07e8274e2ff13a59014f67c2c87200459fb48e7ce8ab9b00dbf117f945f5e9b7?s=96&d=mm&r=g","caption":"Agnieszka Jarzyna"},"url":"https:\/\/www.ih.com.pl\/wroclaw\/author\/agnieszkajarzyna\/"}]}},"_links":{"self":[{"href":"https:\/\/www.ih.com.pl\/wroclaw\/wp-json\/wp\/v2\/posts\/4541","targetHints":{"allow":["GET"]}}],"collection":[{"href":"https:\/\/www.ih.com.pl\/wroclaw\/wp-json\/wp\/v2\/posts"}],"about":[{"href":"https:\/\/www.ih.com.pl\/wroclaw\/wp-json\/wp\/v2\/types\/post"}],"author":[{"embeddable":true,"href":"https:\/\/www.ih.com.pl\/wroclaw\/wp-json\/wp\/v2\/users\/3"}],"replies":[{"embeddable":true,"href":"https:\/\/www.ih.com.pl\/wroclaw\/wp-json\/wp\/v2\/comments?post=4541"}],"version-history":[{"count":4,"href":"https:\/\/www.ih.com.pl\/wroclaw\/wp-json\/wp\/v2\/posts\/4541\/revisions"}],"predecessor-version":[{"id":4546,"href":"https:\/\/www.ih.com.pl\/wroclaw\/wp-json\/wp\/v2\/posts\/4541\/revisions\/4546"}],"wp:featuredmedia":[{"embeddable":true,"href":"https:\/\/www.ih.com.pl\/wroclaw\/wp-json\/wp\/v2\/media\/4542"}],"wp:attachment":[{"href":"https:\/\/www.ih.com.pl\/wroclaw\/wp-json\/wp\/v2\/media?parent=4541"}],"wp:term":[{"taxonomy":"category","embeddable":true,"href":"https:\/\/www.ih.com.pl\/wroclaw\/wp-json\/wp\/v2\/categories?post=4541"},{"taxonomy":"post_tag","embeddable":true,"href":"https:\/\/www.ih.com.pl\/wroclaw\/wp-json\/wp\/v2\/tags?post=4541"}],"curies":[{"name":"wp","href":"https:\/\/api.w.org\/{rel}","templated":true}]}}